{"id":2028,"date":"2022-10-21T20:03:58","date_gmt":"2022-10-21T20:03:58","guid":{"rendered":"https:\/\/archiwumwolnosci.pl\/?p=2028"},"modified":"2022-11-18T09:51:23","modified_gmt":"2022-11-18T09:51:23","slug":"andrzej-matusiewicz","status":"publish","type":"post","link":"https:\/\/archiwumwolnosci.pl\/sk\/andrzej-matusiewicz\/","title":{"rendered":"Andrzej Matusiewicz"},"content":{"rendered":"<p><strong>Moja cesta k slobode a samospr\u00e1ve<\/strong><\/p>\n\n\n\n<p><strong>poslanec Andrzej Matusiewicz<\/strong><\/p>\n\n\n\n<p><em>(Zn\u00e1my pr\u00e1vnik z Przemy\u015blu, predseda mestskej rady Przemy\u015bl v rokoch 1990-1994 a 1994-1998, potom postupne - podpredseda Sejmiku Podkarpatsk\u00e9ho vojvodstva, predseda Sejmiku a menej ako funk\u010dn\u00e9 obdobie \u00faradn\u00fd radca Sejmiku, nesk\u00f4r sen\u00e1tor Po\u013eskej republiky a v s\u00fa\u010dasnosti \u010dlen Sejmu)<\/em><\/p>\n\n\n\n<p class=\"has-text-align-center\">***<\/p>\n\n\n\n<p class=\"has-text-align-center\"><strong>Obhajoval som prenasledovan\u00fdch aktivistov<\/strong><\/p>\n\n\n\n<p>V rokoch 1985-1988 som absolvoval tak\u00e9to \u201eundergroundov\u00e9\u201c opozi\u010dn\u00e9 stretnutia v Kmieciach s p. Eugeniusz Dryniak, na ktor\u00fa ma pozval Stanis\u0142aw \u017b\u00f3\u0142kiewicz. E\u0161te predt\u00fdm na fare sv. Tr\u00f3jcy, poskytoval som bezplatn\u00e9 pr\u00e1vne poradenstvo \u013eu\u010fom prepusten\u00fdm z pr\u00e1ce pre ich \u010dinnos\u0165 v Solidarite. P\u00edsal som \u017ealoby na krajsk\u00e9 pracovn\u00e9 odvolacie komisie, lebo pracovn\u00fd s\u00fad vtedy neexistoval (vznikli a\u017e v auguste 1985). Advok\u00e1t nemohol obhajova\u0165 zamestnanca v t\u00fdchto komisi\u00e1ch, pri\u010dom \u017ealovan\u00e9 pracovisko malo ako svojho z\u00e1stupcu pr\u00e1vneho poradcu. Vtedy to bola rovnos\u0165 pr\u00e1v. A\u017e po odvolan\u00ed sa proti rozhodnutiu miestnej komisie bol Okresn\u00fd pracovn\u00fd a poistn\u00fd s\u00fad v Rzesz\u00f3we druhou in\u0161tanciou, kde sa pr\u00e1vnik mohol dostavi\u0165 v mene zamestnanca na pojedn\u00e1vanie.&nbsp;<\/p>\n\n\n\n<p>Viem to v\u010faka Fr. Stanis\u0142aw Zarych, far\u00e1r, v kl\u00e1\u0161tore benedikt\u00ednskych sestier sa ukr\u00fdvali viacer\u00ed aktivisti Solidarity, napr\u00edklad Waldek Miko\u0142owicz, h\u013eadan\u00fd \u0160tB, nieko\u013ekokr\u00e1t sa tam ukryl a ja som tam pri\u0161iel a dal som mu pr\u00e1vnu radu. Okrem toho som na s\u00fadnych politick\u00fdch pojedn\u00e1vaniach obhajoval okrem in\u00e9ho napr. Jan Ekiert, aj Marek Kuchci\u0144ski. Mareka s\u00fadili za prechov\u00e1vanie a roz\u0161irovanie neleg\u00e1lnych publik\u00e1ci\u00ed a za protest proti nedemokratick\u00fdm vo\u013eb\u00e1m do Mestskej n\u00e1rodnej rady. V materi\u00e1loch, ktor\u00e9 mu boli zabaven\u00e9 ako nez\u00e1konn\u00e9, bolo okrem in\u00e9ho: b\u00e1snick\u00e1 kniha Juliana Kornhausera, svokra s\u00fa\u010dasn\u00e9ho prezidenta Andrzeja Dudu. Bolo to v roku 1984 alebo 1985.<\/p>\n\n\n\n<p>Okrem toho som v pr\u00edpadoch drobn\u00fdch priestupkov pred kol\u00e9giom obhajoval okrem in\u00e9ho napr. Krzysztof Szczurek, Robert Majka (dnes sudca \u0160t\u00e1tneho tribun\u00e1lu), \u0161tudent \u017byga\u0142a, \u0161tudent geod\u00e9zie Kopacz. Boli zatknut\u00ed za verejn\u00e9 vyst\u00fapenia a protesty, ktor\u00e9 pod\u013ea prokur\u00e1torov sp\u00f4sobili &quot;soci\u00e1lne nepokoje&quot;. Na niektor\u00e9 z t\u00fdchto pr\u00edpadov sa vz\u0165ahovala amnestia v roku 1985, no niektor\u00ed si odsedeli dva-tri mesiace vo v\u00e4zen\u00ed, ako napr\u00edklad Marek Kuchci\u0144ski alebo Jan Ekiert. Marek Kami\u0144ski, ktor\u00e9ho obhajoval advok\u00e1t Jan Ho\u0142ysz, sedel vo v\u00e4zen\u00ed za tla\u010d neleg\u00e1lnych publik\u00e1ci\u00ed.<\/p>\n\n\n\n<p>Pod\u013ea mojich vedomost\u00ed \u0161\u00e9fom a \u201emozgom\u201c podzemnej solid\u00e1rnej \u010dinnosti v Przemy\u015bli bol Ing. Stanislav \u017b\u00f3\u0142kiewicz. A hoci toto vedenie nebolo formalizovan\u00e9, lebo ho k tomu nikto nepovolal, v\u0161etci prizn\u00e1vaj\u00fa, \u017ee bol vodcom a v\u0161etko riadil. Poslal ku mne aj \u013eud\u00ed, ktor\u00ed potrebovali pomoc.<\/p>\n\n\n\n<p>Jedn\u00fdm z t\u00fdch \u013eud\u00ed, ktor\u00ed mi poslali pr\u00e1vnu pomoc, bol Krzysztof Szczurek. Na n\u00e1mest\u00ed v Brame pred\u00e1val pracl\u00edky a obwarzanky vo vitr\u00edne na kolieskach a z\u00e1rove\u0148 mal na sebe pripnut\u00fd odznak Solidarity. V d\u00f4sledku toho mu priestupkov\u00e1 rada udelila vysok\u00fa pokutu \u201eza pou\u017e\u00edvanie nez\u00e1konnej zn\u00e1mky\u201c. A potom t\u00fato vetu podp\u00edsan\u00fa predsedom Kol\u00e9gia Stanis\u0142awom Ozogom nalepil na vn\u00fatorn\u00fa stranu skla svojej sklenenej vitr\u00edny na kolieskach. \u013dudia si to pre\u010d\u00edtali a reagovali tak, \u017ee za pracl\u00edky zaplatili ove\u013ea viac, ako sa malo. N\u00e1kup t\u00fdchto pracl\u00edkov od Szczureka sa stal vlasteneck\u00fdm protestom proti z\u00e1kazu Solidarity totalitn\u00fdmi org\u00e1nmi. \u00darady ho potom obvinili z nez\u00e1konn\u00e9ho organizovania verejnej zbierky na zaplatenie pokuty a ulo\u017eili mu \u010fal\u0161iu, e\u0161te vy\u0161\u0161iu pokutu. A nap\u00edsal som mu ve\u013ea odvolan\u00ed proti t\u00fdmto nespravodliv\u00fdm trestom a niekedy v druhom stupni som s n\u00edm i\u0161iel na s\u00fad a tam som ho obhajoval.<\/p>\n\n\n\n<p>\u00darady diskriminovali aj Zygmunta Majgiera, ktor\u00fd po vyl\u00fa\u010den\u00ed z PSM pre opozi\u010dn\u00e9 aktivity pracoval ako taxik\u00e1r. Zast\u00e1vku mal na vtedaj\u0161om n\u00e1mest\u00ed D\u0105browszczak\u00f3w (dnes Plac Legion\u00f3w) a vo svojom tax\u00edku, teda Fiate 125 - strana \u010d\u00edslo 201, medzi in\u00fdmi. nezi\u0161tne rozd\u00e1val dary rodin\u00e1m internovan\u00fdch. Samozrejme, \u017ee bezpe\u010dnostn\u00e9 zlo\u017eky ho sledovali a sna\u017eili sa mu s\u0165a\u017ei\u0165 \u017eivot r\u00f4znymi sp\u00f4sobmi, napr prostredn\u00edctvom \u017eiadost\u00ed o potrestanie na priestupkovej rade, ako aj prostredn\u00edctvom pok\u00fat. Raz, ke\u010f prech\u00e1dzal cez hlavn\u00fa kri\u017eovatku v \u017burawici, ho zastavili policajti v starej domobrane volge a potrestali ho za \u00fadajn\u00e9 prekro\u010denie r\u00fdchlosti v zastavanej oblasti, \u00fadajne zisten\u00e9 radarom. Medzit\u00fdm som z in\u00fdch s\u00fadnych pr\u00edpadov vedel, \u017ee tieto Volgy nemaj\u00fa radary, a tak som spochybnil opr\u00e1vnenos\u0165 trestu. Prokur\u00e1tor z domobrany neveril, \u017ee ide o Volgu, no v priebehu dokazovacieho konania v\u0161etci svedkovia potvrdili, \u017ee ide o policajn\u00e9 auto tejto zna\u010dky. Preto som podal podnet, aby sa kol\u00e9gium obr\u00e1tilo na Vojvodsk\u00fd \u00farad pre vn\u00fatorn\u00e9 z\u00e1le\u017eitosti (t. j. b\u00fdval\u00e9 velite\u013estvo ob\u010dianskych mil\u00edci\u00ed Vojvodstva na ulici 1 Maja 26, teraz ulica Dworskiego), ktor\u00fd \u0161peci\u00e1lne vyslan\u00e9mu \u00faradn\u00edkovi potvrdil, \u017ee Volga nem\u00e1 radary. nain\u0161talovan\u00fd. V d\u00f4sledku toho bol Zygmunt Majgier osloboden\u00fd. Mimochodom, stalo sa to len o 18, a ke\u010f\u017ee bol De\u0148 \u017eien, netrpezlivo ma \u010dakala man\u017eelka a potom aj moje \u0161tyri dc\u00e9ry, ktor\u00fdch som nemohol upozorni\u0165 na svoj neskor\u00fd n\u00e1vrat, lebo vtedy e\u0161te neboli mobiln\u00e9 telef\u00f3ny. Navy\u0161e som v tomto \u010dase nemala \u0161ancu k\u00fapi\u0165 kvety. To bola viac-menej moja nezaujat\u00e1 pr\u00e1vna pomoc pre utl\u00e1\u010dan\u00fdch aktivistov.<\/p>\n\n\n\n<p class=\"has-text-align-center\"><strong>Ob\u010diansky v\u00fdbor Solidarita<\/strong>c<\/p>\n\n\n\n<p>Kone\u010dne pri\u0161iel rok 1989. Niekedy na jar som dostal pozvanie na prv\u00e9 zasadnutie ob\u010dianskeho v\u00fdboru Solidarity do \u201eOrzech\u00f3wky\u201c, oproti katedr\u00e1le, podp\u00edsan\u00e9 vtedaj\u0161\u00edm do\u010dasn\u00fdm \u0161\u00e9fom krajskej Solidarity Marekom Kami\u0144skim, a predseda oblastnej Solidarity individu\u00e1lnych ro\u013en\u00edkov Jan Karu\u015b. A na tomto prvom zasadnut\u00ed bola kon\u0161tituovan\u00e1 KO &quot;S&quot;, ktorej predsedom bol Ing. Stanis\u0142aw \u017b\u00f3\u0142kiewicz, ktor\u00fd bol delegovan\u00fd na zasadnutie n\u00e1rodnej KO \u201eS\u201c v Lech Wa\u0142\u0119sa vo Var\u0161ave, aby n\u00e1m pridelil kandid\u00e1ta na poslanca z KO \u201eS\u201c Lech Wa\u0142\u0119sa. Pam\u00e4t\u00e1m si, ke\u010f sa \u017b\u00f3\u0142kiewicz vr\u00e1til roz\u017eiaren\u00fd z Var\u0161avy, \u017ee sa mu podarilo z\u00edska\u0165 tla\u010dov\u00e9ho hovorcu NSZZ \u201eSolidarita\u201c, Dr. Janusz Onyszkiewicz, ktor\u00fd m\u00e1 spojenie aj s Przemy\u015blom, preto\u017ee tu vyrastal, na ul. Rac\u0142awicka a tu bol jeho otec pr\u00e1vnikom v n\u00e1rodnej banke.<\/p>\n\n\n\n<p>Nesk\u00f4r, ke\u010f sa bl\u00ed\u017eili prv\u00e9 \u010diasto\u010dne slobodn\u00e9 vo\u013eby, do\u0161lo k ur\u010dit\u00fdm nedorozumeniam medzi \u017b\u00f3\u0142kiewiczom a Bortnikom a niektor\u00fdmi star\u0161\u00edmi aktivistami. V d\u00f4sledku toho \u017b\u00f3\u0142kiewicz na stretnut\u00ed, pam\u00e4t\u00e1m si to ako dnes, povedal, \u017ee sa vzd\u00e1va funkcie predsedu. Mohlo to by\u0165 niekde koncom apr\u00edla, tak\u017ee predsedom KO \u201eS\u201c mohol by\u0165 maxim\u00e1lne dva t\u00fd\u017edne.<\/p>\n\n\n\n<p>V prv\u00fdch m\u00e1jov\u00fdch d\u0148och, ke\u010f sa tieto predvolebn\u00e9 stretnutia za\u010dali, bol ur\u010dite predsedom KO \u201eS\u201c Zbigniew Bortnik. U\u017e boli vybran\u00ed kandid\u00e1ti na poslancov: Onyszkiewicz a Trelka a na sen\u00e1torov: Musia\u0142 a Ulma. Viem, \u017ee o Musia\u0142ovi bol spor, preto\u017ee farm\u00e1ri - Czubocha, \u015aliwi\u0144ski a \u010fal\u0161\u00ed - chceli, aby bol Jan Karu\u015b kandid\u00e1tom do Sen\u00e1tu. Pam\u00e4t\u00e1m si tieto po\u010detn\u00e9 stretnutia na\u0161ich kandid\u00e1tov s voli\u010dmi, preto\u017ee som s nimi tie\u017e \u010dasto cestoval. M\u00e1m fotky z Lubacz\u00f3wa, kde viedol stretnutie v konkatedr\u00e1le Jurek Czekalski. Boli sme aj v Cieszanowe, v Przeworsku, v Jaros\u0142awi u dominik\u00e1nov, v Przemy\u015bli na n\u00e1mest\u00ed pri kostole sv. Trojica.<\/p>\n\n\n\n<p class=\"has-text-align-center\"><strong>Nerovnomern\u00e1 predvolebn\u00e1 konkurencia<\/strong><\/p>\n\n\n\n<p>Napriek dohodnutej a z\u00e1konnej \u00fa\u010dasti na\u0161ich kandid\u00e1tov v j\u00fanov\u00fdch vo\u013eb\u00e1ch n\u00e1m SB br\u00e1nili v \u010dinnosti. Ke\u010f sme chodili s kandid\u00e1tmi na stretnutia s voli\u010dmi alebo ako pr\u00e1vnici na \u0161kolenia pre na\u0161ich \u010dlenov okrskov\u00fdch volebn\u00fdch komisi\u00ed, domobrana n\u00e1s sledovala, zastavila n\u00e1s pod akouko\u013evek z\u00e1mienkou, len aby n\u00e1\u0161 pr\u00edchod v dohodnut\u00fd \u010das stretnutia \u010do najviac oddialila. .<\/p>\n\n\n\n<p>Okrem toho n\u00e1m strhli predvolebn\u00e9 plag\u00e1ty a rozdali dokonca falzifik\u00e1ty, aby nevolili Janusza Onyszkiewicza, preto\u017ee je Ukrajinec spriaznen\u00fd so zlo\u010dincom UPA Orestom Onyszkiewiczom. Marek Rz\u0105sa, ktor\u00fd bol \u00fadajne \u201enestran\u00edckym\u201c kandid\u00e1tom navrhnut\u00fdm komunistami 2. j\u00fana tesne pred vo\u013ebami, brut\u00e1lne a l\u017eivo napadol Janusza Onyszkiewicza v \u201eTeleexpresse\u201c. Okam\u017eite sme poslali do TVP fax s protestom a opravou, no v TV sa to \u010d\u00edtalo a\u017e v utorok 6. j\u00fana, ke\u010f u\u017e boli zn\u00e1me v\u00fdsledky volieb.<\/p>\n\n\n\n<p>Kandid\u00e1ti PZPR mali obrovsk\u00fa podporu vojvodskej spr\u00e1vy. Vtedaj\u0161\u00ed riadite\u013e Po\u0161tov\u00e9ho \u00faradu v Przemy\u015bli Jerzy Ko\u0142odziej vylepil na ka\u017ed\u00e9 okienko po\u0161ty plag\u00e1ty kandid\u00e1tov do Sen\u00e1tu, ktor\u00fdch podporovala komunistick\u00e1 Po\u013esk\u00e1 zjednoten\u00e1 robotn\u00edcka strana: Mieczys\u0142aw Nyczek a Andrzej Wojciechowski. A ka\u017ed\u00fd uch\u00e1dza\u010d sa musel na t\u00fdchto kandid\u00e1tov pozrie\u0165 predt\u00fdm, ako vykonal platbu alebo poslal list. I\u0161iel som teda s Marekom Kuchci\u0144skim za re\u017eis\u00e9rom Ko\u0142odziejom a d\u00f4razne som ho na to upozornil a po\u017eadoval, aby plag\u00e1ty odstr\u00e1nil. Ve\u010f vypisova\u0165 kandid\u00e1tov kandiduj\u00facich vo vo\u013eb\u00e1ch vo verejn\u00fdch budov\u00e1ch bolo v rozpore s volebn\u00fdm z\u00e1konom. Riadite\u013e Ko\u0142odziej v\u0161ak tieto politick\u00e9 reklamy neodstr\u00e1nil. Ako sa v\u0161ak uk\u00e1zalo, Nyczekovi a Wojciechowsk\u00e9mu to v\u00f4bec nepomohlo, preto\u017ee spolo\u010dnos\u0165 bola jednoducho pres\u00fdten\u00e1 komunistickou vl\u00e1dou.<\/p>\n\n\n\n<p class=\"has-text-align-center\"><strong>Atmosf\u00e9ra pred vo\u013ebami\u00a0\u00a0<\/strong><\/p>\n\n\n\n<p>V tom \u010dase som bol za vojvodstvo KO \u201eS\u201c podpredsedom obvodnej volebnej komisie, ktor\u00e1 robila vo\u013eby do Sejmu. A m\u00f4j priate\u013e p. Advok\u00e1t J\u00e1n Bajcar bol podpredsedom Pokrajinskej volebnej komisie, ktor\u00e1 robila vo\u013eby do Sen\u00e1tu. V KO \u201eS\u201c boli \u010fal\u0161\u00ed dvaja pr\u00e1vnici: advok\u00e1t Jan Ho\u0142ysz a pr\u00e1vny poradca Bogus\u0142aw S\u0142oniak. A menovali sme organiza\u010dno-pr\u00e1vnu komisiu a robili sme \u0161kolenia pre na\u0161ich kandid\u00e1tov na \u010dlenov okrskov\u00fdch volebn\u00fdch komisi\u00ed (preto\u017ee ka\u017ed\u00e1 komisia mala minim\u00e1lne troch \u013eud\u00ed).<\/p>\n\n\n\n<p>Tak sme chodili na tieto \u0161kolenia po celej provincii, po v\u0161etk\u00fdch obciach. Vtedy bila do o\u010d\u00ed atmosf\u00e9ra vlastenectva a nasadenie \u013eud\u00ed, ktor\u00ed prich\u00e1dzali na KO \u201eS\u201c a platili dobrovo\u013en\u00e9 dary, brali let\u00e1ky do distrib\u00facie, dobrovo\u013ene sa hl\u00e1sili na \u0161kolenia ako d\u00f4vern\u00edci vo vo\u013eb\u00e1ch.<\/p>\n\n\n\n<p>Poviem v\u00e1m, \u017ee ke\u010f som mal vies\u0165 \u0161kolenie v Dynowe, dvaja seri\u00f3zni in\u017einieri zo Zak\u0142ady \u201ePolna\u201c mi tak chceli pom\u00f4c\u0165 a odvies\u0165 ma tam na svojom aute, \u017ee sa dokonca medzi sebou dohadovali o pr\u00e1ve na to. Samozrejme, chceli to robi\u0165 zadarmo a benz\u00edn bol v pomere k vtedaj\u0161\u00edm z\u00e1robkom dos\u0165 drah\u00fd. Bolo to dojemn\u00e9, ale aj celkom vtipn\u00e9.<\/p>\n\n\n\n<p>Aj po\u010detn\u00ed aktivisti KO \u201eS\u201c boli mimoriadne nezainteresovan\u00ed a oddan\u00ed veci. Napr\u00edklad Zygmunt Majgier jazdil na tax\u00edku cel\u00fd mesiac, oblepen\u00fd predvolebn\u00fdmi plag\u00e1tmi a fotografiami na\u0161ich kandid\u00e1tov a vlajkou Solidarity.&nbsp;<\/p>\n\n\n\n<p class=\"has-text-align-center\"><strong>V\u00ed\u0165azstvo vo vo\u013eb\u00e1ch<\/strong><\/p>\n\n\n\n<p>Pri\u0161li vo\u013eby 4. j\u00fana. Najprv chv\u00edle neistoty, potom euf\u00f3ria. Cel\u00fa noc zo 4. na 5. j\u00fana sme sedeli v zasada\u010dke neskor\u0161ieho sejmiku, na druhom poschod\u00ed Pokrajinsk\u00e9ho \u00faradu. A tam pri\u0161li na\u0161i \u201emu\u017ei d\u00f4very\u201c so spr\u00e1vami z okrskov\u00fdch volebn\u00fdch komisi\u00ed, v\u0161etci \u017eiarili \u2013 so slzami radosti v o\u010diach. V\u00fdraz ich tv\u00e1r\u00ed hovoril za v\u0161etko: vyhrali sme! Bol to n\u00e1\u0161 ve\u013ek\u00fd \u00faspech a z\u00e1rove\u0148 ve\u013ek\u00e9 prekvapenie, preto\u017ee tak\u00e9 rozhoduj\u00face v\u00ed\u0165azstvo sme ne\u010dakali. Poviem tie\u017e, \u017ee na druh\u00fd de\u0148 sme niesli polon\u00e9zu s v\u00fdsledkami hlasovania z provincie. Przemy\u015bl do Var\u0161avy, N\u00e1rodnej volebnej komisii na ul. Wiejska, pri Sejme (spolu s druh\u00fdm podpredsedom obvodnej volebnej komisie Miko\u0142ajom Sawczakom, navrhnut\u00fd Kres\u0165anskosoci\u00e1lnym zdru\u017een\u00edm). No a cel\u00fa cestu n\u00e1s sprev\u00e1dzali dve aut\u00e1 domobrany, vpredu aj vzadu, v\u010faka \u010domu sme do cie\u013ea dorazili za tri hodiny. Boli sme milo prekvapen\u00ed.<\/p>\n\n\n\n<p>Uviedli sme tieto v\u00fdsledky a informovali sme, \u017ee KO &quot;S&quot; v okrese Przemy\u015bl vyhralo rozhodne. Na t\u00fato t\u00e9mu sa vyjadril prof. Andrzej Zoll sa ve\u013emi te\u0161il, no hne\u010f sa p\u00fdtal na n\u00e1rodn\u00fd zoznam. Odpovedal som, \u017ee tento zoznam je v podstate \u201evystrihnut\u00fd\u201c, ale \u013eudia, ktor\u00ed na\u0148 dali ve\u013ek\u00e9 X, ho nedokon\u010dili a\u017e do \u00fapln\u00e9ho konca, tak\u017ee volebn\u00e1 komisia bola n\u00faten\u00e1 skon\u0161tatova\u0165, \u017ee meno na samom konci zoznamu (Zieli\u0144ski Adam) nebol vymazan\u00fd. Na t\u00fato t\u00e9mu sa vyjadril prof. Zoll poznamenal, \u017ee ide o typick\u00fd sp\u00f4sob neopatrn\u00e9ho pre\u010diarknutia vo v\u00fdchodnom a ju\u017enom vojvodstve a len v\u010faka tomu sa Adamovi Zieli\u0144sk\u00e9mu, vtedaj\u0161iemu predsedovi Najvy\u0161\u0161ieho spr\u00e1vneho s\u00fadu, podarilo dosta\u0165 do Sejmu. Na druhej strane, v strednom a z\u00e1padnom vojvodstve bol n\u00e1rodn\u00fd zoznam tie\u017e pre\u0161krtnut\u00fd neopatrne, ale uveden\u00edm dvoch ve\u013ek\u00fdch \u201eX\u201c. A ke\u010f\u017ee ich to ne\u0165ahalo do sam\u00e9ho centra, tak sa zase n\u00e1hodou dostal do Sejmu, ktor\u00fd bol v strede zoznamu \u2013 Kozakiewicz Miko\u0142aj zo ZSL (zvolen\u00fd za mar\u0161ala zmluvy Sejmu). Navy\u0161e, neveriac v \u00faspech vo vo\u013eb\u00e1ch, odi\u0161iel s man\u017eelkou na dovolenku do So\u010di a musel by\u0165 ur\u00fdchlene prevezen\u00fd do Var\u0161avy.&nbsp;<\/p>\n\n\n\n<p class=\"has-text-align-center\"><strong>n\u00e1mestn\u00edci guvern\u00e9rov\u00a0\u00a0\u00a0\u00a0\u00a0<\/strong><\/p>\n\n\n\n<p>Na jese\u0148 roku 1989 sa z\u00e1stupcom vojvodu stal Stanis\u0142aw \u017b\u00f3\u0142kiewicz, ktor\u00fd sa pripravoval sta\u0165 sa vojvodom Przemy\u015bl, preto\u017ee vtedy sa tieto v\u00fdmeny za\u010dali. Bol kandid\u00e1tom KO \u201eS\u201c, o tom sa s\u00edce nehlasovalo, ale ve\u013ea \u013eud\u00ed verilo, \u017ee pr\u00e1ve on by mal by\u0165 z\u00e1stupcom vojvodu a potom vojvodom.<\/p>\n\n\n\n<p>Po nieko\u013ek\u00fdch mesiacoch sa v\u0161ak vojvodom stal Jan Musia\u0142 a \u017b\u00f3\u0142kiewicz odst\u00fapil z funkcie z\u00e1stupcu vojvodu. Neviem o \u010do i\u0161lo. \u010co si pam\u00e4t\u00e1m, bol to pr\u00e1ve Marek Kami\u0144ski, ktor\u00fd do tejto funkcie posunul svojho \u0161vagra Janka Musia\u0142a. V tom \u010dase som ich oboch poznal 5 alebo 6 rokov, no nevedel som, \u017ee s\u00fa to \u0161vagrovia. Osobne som bol proti tejto vo\u013ebe, preto\u017ee som veril, \u017ee funkcie sen\u00e1tora a vojvodu by sa nemali sp\u00e1ja\u0165, preto\u017ee to bolo bu\u010f jedno, alebo druh\u00e9. Nebolo to dobr\u00e9 rie\u0161enie, ale proti Musia\u0142ovi som nezakro\u010dil, preto\u017ee som ho poznal a ve\u013emi si ho v\u00e1\u017eim.<\/p>\n\n\n\n<p>Nesk\u00f4r sa z\u00e1stupcom vojvodu stal Pawe\u0142 Niemkiewicz z Jaros\u0142awa a druh\u00fdm z\u00e1stupcom vojvodu Jan Winiarz z Rokietnice. Pam\u00e4t\u00e1m si, \u017ee som chodieval s Marekom Kami\u0144sk\u00fdm do domu Winiarza v Rokietnici, aby som ho presved\u010dil, aby sa stal z\u00e1stupcom vojvodu. Nechcel, odmietol, no rozhoduj\u00faci bol postoj jeho otca, aktivistu Solidarity individu\u00e1lnych ro\u013en\u00edkov. A nesk\u00f4r sa uk\u00e1zalo, \u017ee Jan Winiarz sa v tejto poz\u00edcii osved\u010dil. Bol dobr\u00fdm vicevojvodom: l\u00e1skav\u00fd k \u013eu\u010fom, s ka\u017ed\u00fdm sa rozpr\u00e1val, po\u010d\u00faval a rie\u0161il mnoh\u00e9 z\u00e1le\u017eitosti.<\/p>\n\n\n\n<p class=\"has-text-align-center\"><strong>Prez\u00eddium provinci\u00e1lnej rady a Przemy\u015bl KO &quot;S&quot;<\/strong><\/p>\n\n\n\n<p>Pokia\u013e ide o m\u0148a, vst\u00fapil som do neform\u00e1lneho prez\u00eddia vojvodskej rady Ob\u010dianskeho v\u00fdboru \u201eSolidarita\u201c Przemy\u015blsk\u00e9ho vojvodstva, ktor\u00e9 vzniklo po vo\u013eb\u00e1ch. Predseda tohto prez\u00eddia me\u0161kal Zbigniew Bortnik, podpredseda - neskoro Bronislaw Niemkiewicz a neskoro Vladim\u00edr Pisz. Bol som \u010dlenom prez\u00eddia z Przemy\u015blu, form\u00e1lne bol \u010dlenom prez\u00eddia z Lubacz\u00f3wa. Mieczys\u0142aw Argasi\u0144ski (v skuto\u010dnosti pri\u0161iel za n\u00edm bu\u010f Jerzy Czekalski alebo Wies\u0142aw Bek) a \u010dlenkou z Przeworska bola Irena Lewandowska (vydat\u00e1 za Kozimala). V r\u00e1mci prez\u00eddia sme prij\u00edmali r\u00f4zne uznesenia. Prez\u00eddium podporilo my\u0161lienku pokra\u010dovania KO \u201eS\u201c, ktorej novou \u00falohou bola pr\u00edprava volieb do V\u00daC.<\/p>\n\n\n\n<p>Pokrajinsk\u00fd v\u00fdbor v Przemy\u015bli existoval e\u0161te na jese\u0148 1989, ale presadil som \u2013 spolu s Marekom Kuchci\u0144sk\u00fdm \u2013 zalo\u017eenie Przemy\u015blsk\u00e9ho KO \u201eS\u201c, proti ktor\u00e9mu sa postavili Zbigniew Bortnik a Waldek Wiglusz. Verili sme, \u017ee je potrebn\u00e9 zamera\u0165 sa na budovanie volebn\u00fdch programov pre Przemy\u015bl, Jaros\u0142aw, Przeworsk a Lubacz\u00f3w a tomuto \u00fa\u010delu by mohli lep\u0161ie posl\u00fa\u017ei\u0165 Mestsk\u00e9 ob\u010dianske v\u00fdbory \u201eS\u201c.<\/p>\n\n\n\n<p>Tu by som chcel doda\u0165, \u017ee z\u00e1kon o samospr\u00e1vach pripravili (v celo\u0161t\u00e1tnom meradle) t\u00edto \u013eudia: prof. Andrzej Stelmachowski (vtedy mar\u0161\u00e1l Sen\u00e1tu), Dr. Walerian Pa\u0144ko (asistent prof. Stelmachowsk\u00e9ho a predseda V\u00fdboru pre miestnu samospr\u00e1vu a region\u00e1lnu politiku v r\u00e1mci zmluvn\u00e9ho Sejmu), prof. Jerzy Regulski (vtedaj\u0161\u00ed predseda sen\u00e1tneho v\u00fdboru miestnej samospr\u00e1vy, ktor\u00e9ho cie\u013eom bolo vypracova\u0165 n\u00e1vrh z\u00e1kona o miestnej samospr\u00e1ve). Sen\u00e1t prijal \u201eZ\u00e1kon o miestnej samospr\u00e1ve\u201c 19. janu\u00e1ra 1990 a n\u00e1sledne pre\u0161iel do Sejmu, ktor\u00fd ho bez zmien prijal 8. marca 1990. Druh\u00fdm sprievodn\u00fdm z\u00e1konom schv\u00e1len\u00fdm parlamentom boli \u201eNariadenia, ktor\u00fdmi sa zav\u00e1dza z\u00e1kon o miestnej samospr\u00e1ve\u201c.<\/p>\n\n\n\n<p>V roku 2002 boli po prv\u00fdkr\u00e1t zaveden\u00e9 priame vo\u013eby predsedu obce (starosta, prezident). Bola to dobr\u00e1 novela z\u00e1kona o samospr\u00e1ve, preto\u017ee predt\u00fdm bol prednosta obce rukojemn\u00edkom zastupite\u013estva a mohol by\u0165 kedyko\u013evek odvolan\u00fd. Teraz sa postup odvolania prednostu obce realizuje, ke\u010f rada obce neprijme n\u00e1vrh rozpo\u010dtu pripraven\u00fd t\u00fdmto prednostom obce.<\/p>\n\n\n\n<p class=\"has-text-align-center\"><strong>Kampa\u0148 a vo\u013eby do miestnej samospr\u00e1vy<\/strong><\/p>\n\n\n\n<p>Od za\u010diatku roku 1990 boli v na\u0161om Przemy\u015blskom vojvodstve zalo\u017een\u00e9 miestne Ob\u010dianske v\u00fdbory Solidarity. Przemy\u015bl KO &quot;S&quot; bola zalo\u017een\u00e1 v decembri 1989. S nieko\u013ek\u00fdmi \u013eu\u010fmi sme sa stretli u rodi\u010dov Mareka Kuchci\u0144sk\u00e9ho (ul. W\u0119gierska), kde sme vypracovali \u0161tat\u00fat a navrhli probl\u00e9mov\u00e9 komisie, ich n\u00e1zvy, zlo\u017eenie a tematick\u00fd z\u00e1ber. Nesk\u00f4r sa stretli tieto probl\u00e9mov\u00e9 v\u00fdbory, vypracovali podrobn\u00e9 programy a celkovo vznikol n\u00e1\u0161 volebn\u00fd program pre Przemy\u015bl. V tom \u010dase sme organizovali aj vznik S\u00eddliska KO \u201eS\u201c pri jednotliv\u00fdch farnostiach (vo farnosti sv. Trojice som to organizoval ja). Vo vo\u013eb\u00e1ch do V\u00daC sme z\u00edskali mnoh\u00fdch poslancov z t\u00fdchto susedsk\u00fdch v\u00fdborov.<\/p>\n\n\n\n<p>Po\u010das volebnej kampane do miestnej samospr\u00e1vy som bol presved\u010den\u00fd, \u017ee najlep\u0161ou strat\u00e9giou je hovori\u0165 priamo s voli\u010dom. Tak som chodil od domu k domu a v panel\u00e1koch od dver\u00ed k dver\u00e1m som obyvate\u013eom rozd\u00e1val moje programov\u00e9 let\u00e1ky, rozpr\u00e1val sa, pod\u00e1val ruky. Vo svojom volebnom obvode som obi\u0161iel mnoh\u00e9 domy a v\u0161etky panel\u00e1ky: \u201eMonte Cassino\u201c, 22. janu\u00e1ra, Krasi\u0144ski, Borelowski.<\/p>\n\n\n\n<p>V prv\u00fdch vo\u013eb\u00e1ch do V\u00daC, 27. m\u00e1ja 1990, definit\u00edvne zv\u00ed\u0165azilo na\u0161e dru\u017estvo z Przemy\u015bl KO \u201eS\u201c. Dostal som vtedy 1600 hlasov, \u010do bol vtedy absol\u00fatny rekord Przemy\u015blu. Druh\u00fd v\u00fdsledok dosiahol p. Dr Wies\u0142aw G\u0105ska - 1300 hlasov a tret\u00ed v\u00fdsledok - neskor\u00fd lek\u00e1rnik. Tadeusz Ba\u0142dowski, nie\u010do cez 1000 hlasov.<\/p>\n\n\n\n<p class=\"has-text-align-center\"><strong>Prv\u00e1 mestsk\u00e1 rada Przemy\u015bl<\/strong><\/p>\n\n\n\n<p>V tom \u010dase som sa stal predsedom mestskej rady Przemy\u015bl. Je pravda, \u017ee nie som roden\u00fd Przemy\u015bl, poch\u00e1dzam z Krosna a v Przemy\u015bli som sa usadil v roku 1976, ale v cirkevn\u00fdch kruhoch som u\u017e bol trochu zn\u00e1my, preto\u017ee som p\u00f4sobil vo Farskej rade pri kostole sv. Trinity od roku 1985 a \u00fazko spolupracoval s p. Stanislav Zarych, far\u00e1r. Okrem toho som nezi\u0161tne poskytoval pr\u00e1vne poradenstvo prenasledovan\u00fdm \u013eu\u010fom, akt\u00edvne som p\u00f4sobil aj v Okresnom futbalovom zv\u00e4ze a man\u017eelka bola u\u010dite\u013ekou v \u0161kole \u010d. Ja som sa v\u0161ak o to neuch\u00e1dzal, lebo v tom \u010dase prim\u00e1tora mesta volila Rada, tak\u017ee bol rukojemn\u00edkom Rady a jeho pr\u00e1vomoci boli mal\u00e9. Prim\u00e1torom mesta sa stal Mieczys\u0142aw Napolski - bol predsedom Klubu katol\u00edckej inteligencie v Przemy\u015bli a nestran\u00edckym technick\u00fdm riadite\u013eom Przemy\u015blsk\u00e9ho PKS.&nbsp;&nbsp;<\/p>\n\n\n\n<p>\u010co sa t\u00fdka dojmov z predsedn\u00edctva prv\u00e9ho mestsk\u00e9ho zastupite\u013estva v Przemy\u015bli, na za\u010diatku bolo mo\u017eno trochu amaterizmu. Nikto z n\u00e1s nemal \u017eiadne sk\u00fasenosti a v\u0161etci sme sa do ur\u010ditej miery u\u010dili t\u00fato nov\u00fa aktivitu, ale r\u00fdchlo sme sa zorientovali. Pokia\u013e ide o m\u0148a, pomohli mi na jednej strane moje re\u010dn\u00edcke schopnosti z\u00edskan\u00e9 po\u010das advok\u00e1tskej praxe v s\u00fadnej sieni a v r\u00f4znych zdru\u017eeniach a na druhej strane dobr\u00e1 znalos\u0165 pr\u00e1va.<\/p>\n\n\n\n<p class=\"has-text-align-center\"><strong>Obmedzen\u00e9 pr\u00e1vomoci miestnej samospr\u00e1vy<\/strong><\/p>\n\n\n\n<p>\u010co sa t\u00fdka samotn\u00e9ho z\u00e1kona o samospr\u00e1ve, obsahoval kr\u00e1sne ustanovenia - ak\u00e9 s\u00fa vlastn\u00e9 \u00falohy obc\u00ed: zdravotn\u00edctvo, \u0161kolstvo, cesty, \u0161port, infra\u0161trukt\u00fara. No k\u00fdm vo\u013eby do V\u00daC sa konali 27. m\u00e1ja 1990, sk\u00f4r, 18. m\u00e1ja toho roku, pre\u0161iel Zmluvn\u00fd sejm tzv. kompetencie. Tesne po vo\u013eb\u00e1ch, pred prv\u00fdm zasadnut\u00edm mestsk\u00e9ho zastupite\u013estva som si pre\u010d\u00edtal tento kompeten\u010dn\u00fd z\u00e1kon a bol som si plne vedom\u00fd na\u0161ich kompeten\u010dn\u00fdch obmedzen\u00ed.<\/p>\n\n\n\n<p>V Rade okrem in\u00e9ho b\u00fdval\u00ed lek\u00e1ri: neskoro Wieslaw Gaska, neskoro Jerzy Stabiszewski, Stanis\u0142awa Iwaszkiewicz, neskoro Kazimierz Pella, Ryszard Paczkowski, lek\u00e1rnik poslednej doby Tadeusz Ba\u0142dowski a zosnul\u00fd veterin\u00e1r. Stanislav Rossowski. Chceli zriadi\u0165 Zdravotn\u00fa komisiu mestsk\u00e9ho zastupite\u013estva. Ke\u010f\u017ee som poznal obsah z\u00e1kona miestnej samospr\u00e1vy, povedal som im: <em>- P\u00e1ni, m\u00f4\u017eete zalo\u017ei\u0165 t\u00fato komisiu, ale nebudete ma\u0165 ve\u013ea pr\u00e1ce. V\u0161etky \u00falohy v oblasti zdravotnej starostlivosti s\u00fa v kompetencii vojvodstva a samospr\u00e1va m\u00f4\u017ee vyd\u00e1va\u0165 iba stanovisk\u00e1 k otvoreniu s\u00fakromn\u00fdch lek\u00e1rn\u00ed<\/em> (ktor\u00e9 vtedy e\u0161te neexistovali).<\/p>\n\n\n\n<p>Podobne to bolo aj s in\u00fdmi komisiami. \u010co sa t\u00fdka verejn\u00fdch komunik\u00e1ci\u00ed, nezodpovedali sme za cel\u00fd dopravn\u00fd uzol Przemy\u015bl \u2013 16 \u201en\u00e1rodn\u00fdch\u201c a 87 \u201ekrajsk\u00fdch\u201c ciest. Tieto cesty spravovalo Vojvodsk\u00e9 riadite\u013estvo mestsk\u00fdch komunik\u00e1ci\u00ed (riadite\u013eom bol zosnul\u00fd Leszek Zaj\u0105c, ktor\u00fd bol aj prv\u00fdm podpredsedom mestskej rady, teda moj\u00edm z\u00e1stupcom). A toto Provin\u010dn\u00e9 riadite\u013estvo realizovalo cestn\u00e9 invest\u00edcie tak, \u017ee malo len jedn\u00e9ho dod\u00e1vate\u013ea (Rejon Budowy D\u00f3g Miejskich, kde riadite\u013eom bol \u010fal\u0161\u00ed radca - neboh\u00fd Jerzy Lelek), preto\u017ee e\u0161te neexistoval trh dod\u00e1vate\u013eov. Chodili k n\u00e1m \u013eudia so s\u0165a\u017enos\u0165ami, \u017ee s\u00fa zl\u00e9 chodn\u00edky, \u017ee diery na cest\u00e1ch - \u010do som po\u010d\u00faval tieto s\u0165a\u017enosti, a nemohli sme ni\u010d robi\u0165, lebo to nebolo v kompetencii mesta. A tak to bolo aj v prv\u00fdch dvoch funk\u010dn\u00fdch obdobiach, v rokoch 1990-1998.<\/p>\n\n\n\n<p>Podobne aj v oblasti \u0161kolstva, kde boli v kompetencii mesta len jasle a matersk\u00e9 \u0161koly. A\u017e od 1. janu\u00e1ra 1994 mohli obce prevzia\u0165 z\u00e1kladn\u00e9 \u0161koly a od 1. janu\u00e1ra 1996 ich museli prevzia\u0165. v provincii V Przemy\u015bli prevzali z\u00e1kladn\u00e9 \u0161koly u\u017e v roku 1994 len gmina Przemy\u015bl a gmina Dubiecko s t\u00fdm, \u017ee \u010d\u00edm sk\u00f4r, t\u00fdm lep\u0161ie.<\/p>\n\n\n\n<p>Nie v\u0161etci v Przemy\u015bli to ch\u00e1pali a mali sme v tom \u010dase ve\u013ea protestov, najm\u00e4 zo strany po\u013esk\u00e9ho zv\u00e4zu u\u010dite\u013eov a riadite\u013eov z\u00e1kladn\u00fdch \u0161k\u00f4l, v\u00e4\u010d\u0161ina z nich z komunistickej nad\u00e1cie, ktor\u00ed verili, \u017ee im chceme \u0161koly \u010do najsk\u00f4r odobra\u0165. , hoci tieto funkcie mohli zast\u00e1va\u0165 e\u0161te dva roky . Napriek tomu sme r\u00fdchlo prevzali \u0161koly a skuto\u010dne sme odstr\u00e1nili niektor\u00fdch riadite\u013eov a nahradili ich u\u010dite\u013emi, ktor\u00ed u\u017e zm\u00fd\u0161\u013eali inak: Tadeusz Sawicki sa stal riadite\u013eom v Z\u00e1kladnej \u0161kole \u010d. 14, Andrzej Zapa\u0142owski v Z\u00e1kladnej \u0161kole \u010d. 16 v Kmieciach, Andrzej Bar v Z\u00e1kladnej \u0161kole \u010d. 15, zmeny nastali aj v \u0161kole v Kazanowe a in\u00fdch \u0161kol\u00e1ch.<\/p>\n\n\n\n<p class=\"has-text-align-center\"><strong>\u0164a\u017ek\u00e9 za\u010diatky<\/strong><\/p>\n\n\n\n<p>Naj\u0165a\u017e\u0161\u00ed bol prv\u00fd rok nov\u00e9ho vedenia mesta, ke\u010f sme mali ve\u013emi mal\u00e9 pr\u00e1vomoci a museli sme plni\u0165 rozpo\u010det prijat\u00fd Mestskou n\u00e1rodnou radou.<\/p>\n\n\n\n<p>Na\u0161li sme ve\u013ea nedokon\u010den\u00fdch invest\u00edci\u00ed, napr.bytov\u00fd dom na ul. Janek Krasickiego (dnes - Hoffmanowa), nedokon\u010den\u00e1 matersk\u00e1 \u0161kola na ul. Leszczy\u0144skiego, kryt\u00e1 plav\u00e1re\u0148 uprostred v\u00fdstavby, napriek tomu, \u017ee jej v\u00fdstavba trvala p\u00e4\u0165 rokov. Prevzali sme mesto s obrovsk\u00fdmi po\u017eiadavkami na infra\u0161trukt\u00faru. Napr\u00edklad na tat\u00e1rske panstvo boli vydan\u00e9 stavebn\u00e9 povolenia a mesto tam nemohlo zabezpe\u010di\u0165 in\u017einierske siete (plyn, elektrinu, vodovod a kanaliz\u00e1ciu), hoci malo z\u00e1konn\u00fa povinnos\u0165 tak urobi\u0165. Tieto nedoplatky z predo\u0161l\u00e9ho syst\u00e9mu sme museli doplni\u0165 na p\u00e1r volebn\u00fdch obdob\u00ed a minulo sa na to naozaj ve\u013ea pe\u0148az\u00ed (za\u010dali sme Franciszka\u0144skou ulicou).<\/p>\n\n\n\n<p class=\"has-text-align-center\"><strong>Pamiatky, n\u00e1zvy ul\u00edc a \u010destn\u00ed ob\u010dania<\/strong><\/p>\n\n\n\n<p>Okrem toho sme sa zbavili komunistick\u00fdch symbolov: pam\u00e4tn\u00edkov a n\u00e1zvov ul\u00edc. U\u017e v j\u00fali 1990 sme demontovali Pam\u00e4tn\u00edk v\u010fa\u010dnosti \u010cervenej arm\u00e1de na Rybom n\u00e1mest\u00ed. V roku 1991 sme demontovali \u015awierczewsk\u00e9ho pomn\u00edk. V\u010faka iniciat\u00edve zosnul\u00fdch Radn\u00fd p\u00e1n W\u0142adys\u0142aw Trojanowski, u\u017e vtedy (v roku 1990) sa n\u00e1mestie medzi ulicami Jagiello\u0144ska a Sportowa naz\u00fdvalo n\u00e1mest\u00edm kapit\u00e1na Witolda Pileck\u00e9ho. Demontovali sme aj sochu Nie\u010dajeva, ktor\u00fa postavili komunisti na \u017eelezni\u010dnom moste (obrancovia ZSSR proti Nemcom v j\u00fani 1941), cestn\u00e9 mosty dostali n\u00e1zov Przemyskie Eaglets a Ryszard Siwiec.<\/p>\n\n\n\n<p>Obnovili sme aj predvojnov\u00e9 n\u00e1zvy ul\u00edc. Tu v\u0161ak treba prizna\u0165, \u017ee ho predsa len prijala Mestsk\u00e1 n\u00e1rodn\u00e1 rada. Tieto politick\u00e9 zmeny u\u017e poc\u00edtili a pred vo\u013ebami do V\u00daC, 27. apr\u00edla 1990, na jednom zo svojich posledn\u00fdch zasadnut\u00ed, prijali uznesenie o obnoven\u00ed historick\u00fdch n\u00e1zvov z 1. j\u00fala 1990 (vr\u00e1tane Wybrze\u017ce Manifestu Lipcowego po Wybrze\u017ce Pi\u0142sudskiego, Gali\u0144skiego do r. Wybrze\u017ce Sanocka, Wary\u0144skiego na Barsku, Hanka Sawicka na sv\u00e4t\u00e9ho Jozefa, Marian Buczek na p\u00e1tra Piotra Skargu at\u010f.).<\/p>\n\n\n\n<p>Po vo\u013eb\u00e1ch do V\u00daC platilo ustanovenie, \u017ee nov\u00e9 zastupite\u013estv\u00e1 obc\u00ed mali pr\u00e1vo v r\u00e1mci svojej p\u00f4sobnosti ru\u0161i\u0165 uznesenia predch\u00e1dzaj\u00facich obecn\u00fdch n\u00e1rodn\u00fdch r\u00e1d, ale toto uznesenie MRN sme, samozrejme, nezru\u0161ili, ale len pred\u013a\u017eil (napr. ulica Przemys\u0142awa po Sybirak\u00f3w, \u010diasto\u010dne ulica Sportowa - ulica J\u00f3zefa Ka\u0142u\u017cy (moja \u017eiados\u0165, preto\u017ee to bol vynikaj\u00faci futbalista predvojnovej po\u013eskej reprezent\u00e1cie z Przemy\u015blu a z\u00e1rove\u0148 mal kr\u00e1sna karta nez\u00e1vislosti po\u010das druhej svetovej vojny).<\/p>\n\n\n\n<p>Udelili sme aj tituly \u010cestn\u00ed ob\u010dania mesta Przemy\u015bl, najsk\u00f4r (v j\u00fali 1990) Zbigniewovi Brzezi\u0144sk\u00e9mu, potom oi. Biskup Ignacy Tokarczuk a posledn\u00fd predvojnov\u00fd prezident Przemy\u015blu, storo\u010dn\u00fd Leonard Chrzanowski.<\/p>\n\n\n\n<p class=\"has-text-align-center\"><strong>Spomienkov\u00e9 zdru\u017eenie orlov Przemy\u015bl<\/strong><\/p>\n\n\n\n<p>Tu spomeniem, \u017ee koncom roku 1988 som sa podie\u013eal na zalo\u017een\u00ed a v janu\u00e1ri 1989 na registr\u00e1cii Spomienkov\u00e9ho spolku orlov Przemy\u015bl. V zakladaj\u00facom v\u00fdbore okrem Stanis\u0142awa \u017b\u00f3\u0142kiewicza a m\u0148a boli aj: Henryk Jask\u00f3\u0142a (sl\u00e1vny n\u00e1morn\u00edk), neskor. W\u0142odzimierz Pisz a mlad\u00fd u\u010dite\u013e dejepisu Jan Jarosz (pozval som ho do v\u00fdboru, lebo som vedel, \u017ee de\u0165om na Z\u0160 \u010d. 14 rozpr\u00e1va tak\u00e9 vlasteneck\u00e9 nitky z po\u013eskej hist\u00f3rie, ktor\u00e9 v u\u010debniciach PRL neboli). Pokrajinsk\u00fd \u00farad v tom \u010dase e\u0161te registroval spolky, no proti registr\u00e1cii sa postavil Dmitrzak, riadite\u013e odboru vn\u00fatorn\u00fdch vec\u00ed, p\u00f4vodom z Ukrajiny. K na\u0161ej \u017eiadosti dal zamietav\u00e9 stanovisko, preto\u017ee \u2013 ako povedal vojvodovi Wojciechowsk\u00e9mu v pr\u00edtomnosti m\u0148a a \u017b\u00f3\u0142kiewicza \u2013 \u201eciele tohto \u0161tat\u00fatu ur\u00e1\u017eaj\u00fa city ukrajinsk\u00fdch bratov\u201c. A povedal som: \u201eP\u00e1n riadite\u013e, ak pozn\u00e1te hist\u00f3riu Przemy\u015blu, pred vojnou \u017eilo v Przemy\u015bli, ktor\u00fd mal 70 000 obyvate\u013eov, cez 12 000 Ukrajincov, a ke\u010f soci\u00e1lny v\u00fdbor postavil tento pam\u00e4tn\u00edk v roku 1938 na N\u00e1mest\u00ed \u00dastavy, nejako sa to stalo. neur\u00e1\u017ea\u0165 city Ukrajincov\u201c. V\u010faka postoju vojvodu to bolo mo\u017en\u00e9 zaregistrova\u0165 (tu mus\u00edm poveda\u0165, \u017ee v tejto veci ve\u013emi pozit\u00edvne hodnot\u00edm vojvodu Wojciechowsk\u00e9ho, ktor\u00fd n\u00e1s podporil, aj ke\u010f to bolo pred okr\u00fahlym stolom). O rok nesk\u00f4r sme za\u010dali s v\u00fdstavbou pam\u00e4tn\u00edka a v roku 1994 sa n\u00e1\u0161 cie\u013e naplnil naplno.<\/p>\n\n\n\n<p class=\"has-text-align-center\"><strong>26 rokov nez\u00e1vislosti<\/strong><\/p>\n\n\n\n<p>\u010co sa t\u00fdka hodnotenia uplynul\u00fdch 26 rokov, ver\u00edm, \u017ee v\u017edy sa dalo urobi\u0165 viac. Ako n\u00e1rod sme urobili nieko\u013eko ch\u00fdb \u2013 \u201ehore\u201c aj \u201edole\u201c.<\/p>\n\n\n\n<p>Najv\u00e4\u010d\u0161ou chybou bolo neuskuto\u010dnenie dekomuniz\u00e1cie a lustr\u00e1cie. O to sa pok\u00fasila Olszewsk\u00e9ho vl\u00e1da, ale Lech Wa\u0142\u0119sa zablokoval implement\u00e1ciu lustra\u010dn\u00e9ho z\u00e1kona t\u00fdm, \u017ee zariadil p\u00e1d vl\u00e1dy. Medzit\u00fdm to \u010cesi uskuto\u010dnili zaveden\u00edm 10-ro\u010dn\u00e9ho z\u00e1kazu v\u00fdkonu verejn\u00fdch funkci\u00ed pre b\u00fdval\u00fdch komunistick\u00fdch funkcion\u00e1rov a agentov. Ak by t\u00fato my\u0161lienku podporila po\u013esk\u00e1 spolo\u010dnos\u0165, v roku 1992 by nedo\u0161lo k zmene Olszewsk\u00e9ho vl\u00e1dy. V po\u013eskej politike by tie\u017e za t\u00fdch 26 rokov neboli \u017eiadne \u201ezvraty\u201c. V oblasti samospr\u00e1vy sme v\u0161ak urobili ve\u013ea dobr\u00e9ho, hoci sme to zav\u00e1dzali postupne, ke\u010f\u017ee mestsk\u00e9mu zastupite\u013estvu prib\u00fadali kompetencie a finan\u010dn\u00e9 prostriedky. Ur\u010dite si pam\u00e4t\u00e1te, ako vyzeral Przemy\u015bl v roku 1989 a ako vyzer\u00e1 dnes.<\/p>\n\n\n\n<p><em>Rozhovor viedol a nap\u00edsal Jacek Borz\u0119cki<\/em><\/p>","protected":false},"excerpt":{"rendered":"<p>Moja droga do wolno\u015bci i samorz\u0105dno\u015bci Pose\u0142 Andrzej Matusiewicz (Znany przemyski adwokat, przewodnicz\u0105cy Rady Miasta Przemy\u015bla w kadencjach 1990-1994 i 1994-1998, nast\u0119pnie kolejno \u2013 wiceprzewodnicz\u0105cy Sejmiku woj. podkarpackiego, przewodnicz\u0105cy Sejmiku i nieca\u0142\u0105 kadencj\u0119 radny Sejmiku, a p\u00f3\u017aniej senator RP, i obecnie pose\u0142 na Sejm RP) *** Broni\u0142em prze\u015bladowanych dzia\u0142aczy W latach 1985-1988 bywa\u0142em na takich [&hellip;]<\/p>","protected":false},"author":4,"featured_media":3342,"comment_status":"open","ping_status":"open","sticky":false,"template":"","format":"standard","meta":{"footnotes":""},"categories":[14],"tags":[],"_links":{"self":[{"href":"https:\/\/archiwumwolnosci.pl\/sk\/wp-json\/wp\/v2\/posts\/2028"}],"collection":[{"href":"https:\/\/archiwumwolnosci.pl\/sk\/wp-json\/wp\/v2\/posts"}],"about":[{"href":"https:\/\/archiwumwolnosci.pl\/sk\/wp-json\/wp\/v2\/types\/post"}],"author":[{"embeddable":true,"href":"https:\/\/archiwumwolnosci.pl\/sk\/wp-json\/wp\/v2\/users\/4"}],"replies":[{"embeddable":true,"href":"https:\/\/archiwumwolnosci.pl\/sk\/wp-json\/wp\/v2\/comments?post=2028"}],"version-history":[{"count":6,"href":"https:\/\/archiwumwolnosci.pl\/sk\/wp-json\/wp\/v2\/posts\/2028\/revisions"}],"predecessor-version":[{"id":6136,"href":"https:\/\/archiwumwolnosci.pl\/sk\/wp-json\/wp\/v2\/posts\/2028\/revisions\/6136"}],"wp:featuredmedia":[{"embeddable":true,"href":"https:\/\/archiwumwolnosci.pl\/sk\/wp-json\/wp\/v2\/media\/3342"}],"wp:attachment":[{"href":"https:\/\/archiwumwolnosci.pl\/sk\/wp-json\/wp\/v2\/media?parent=2028"}],"wp:term":[{"taxonomy":"category","embeddable":true,"href":"https:\/\/archiwumwolnosci.pl\/sk\/wp-json\/wp\/v2\/categories?post=2028"},{"taxonomy":"post_tag","embeddable":true,"href":"https:\/\/archiwumwolnosci.pl\/sk\/wp-json\/wp\/v2\/tags?post=2028"}],"curies":[{"name":"wp","href":"https:\/\/api.w.org\/{rel}","templated":true}]}}