{"id":2024,"date":"2022-10-22T11:06:00","date_gmt":"2022-10-22T11:06:00","guid":{"rendered":"https:\/\/archiwumwolnosci.pl\/?p=2024"},"modified":"2022-11-22T09:43:50","modified_gmt":"2022-11-22T09:43:50","slug":"waldemar-wiglusz","status":"publish","type":"post","link":"https:\/\/archiwumwolnosci.pl\/sk\/waldemar-wiglusz\/","title":{"rendered":"Waldemar Wiglusz"},"content":{"rendered":"<p><\/p>\n\n\n\n<div class=\"wp-block-media-text is-stacked-on-mobile\" style=\"grid-template-columns:27% auto\"><figure class=\"wp-block-media-text__media\"><a href=\"https:\/\/encysol.pl\/es\/encyklopedia\/biogramy\/19397,Wiglusz-Waldemar.html?search=98922189979361\"><img fetchpriority=\"high\" decoding=\"async\" width=\"434\" height=\"245\" src=\"https:\/\/archiwumwolnosci.pl\/wp-content\/uploads\/2022\/11\/encykl-sol.-3.jpg\" alt=\"\" class=\"wp-image-3659 size-full\" srcset=\"https:\/\/archiwumwolnosci.pl\/wp-content\/uploads\/2022\/11\/encykl-sol.-3.jpg 434w, https:\/\/archiwumwolnosci.pl\/wp-content\/uploads\/2022\/11\/encykl-sol.-3-300x169.jpg 300w\" sizes=\"(max-width: 434px) 100vw, 434px\" \/><\/a><\/figure><div class=\"wp-block-media-text__content\">\n<p><strong>Z ENCYKLOP\u00c9DIE SOLIDARITY IPN<\/strong><\/p>\n\n\n\n<p>Waldemar Wiglusz, naroden\u00fd 9. marca 1953 v \u0141a\u0144cute. Absolvent stavebnej fakulty Technickej univerzity v Rzeszowe (1978).<\/p>\n\n\n\n<p><a href=\"https:\/\/encysol.pl\/es\/encyklopedia\/biogramy\/19397,Wiglusz-Waldemar.html?search=98922189979361\">https:\/\/encysol.pl\/es\/encyklopedia\/biogramy\/19397,Wiglusz-Waldemar.html?search=98922189979361<\/a><\/p>\n\n\n\n<p><\/p>\n<\/div><\/div>\n\n\n\n<p>.<\/p>\n\n\n\n<p><\/p>\n\n\n\n<p><em>Svoju odborov\u00fa \u010dinnos\u0165 za\u010dal v tov\u00e1rni Przemy\u015bl House, kde zalo\u017eil z\u00e1vodn\u00fa komisiu Solidarita a bol jej podpredsedom. Potom sa stal \u010dlenom region\u00e1lnej rady odborov\u00e9ho zv\u00e4zu Solidarita, kde mal ako in\u017einier na starosti ot\u00e1zky bezpe\u010dnosti a ochrany zdravia pri pr\u00e1ci. Koncom novembra 1981 bol zvolen\u00fd za tajomn\u00edka oblastn\u00e9ho v\u00fdboru a pre\u0161iel tam na pln\u00fd \u00fav\u00e4zok, ke\u010f\u017ee dostal od matersk\u00e9ho podniku neplaten\u00e9 vo\u013eno.V apr\u00edli 1989 bol op\u00e4\u0165 prepusten\u00fd a stal sa tajomn\u00edkom oblastn\u00e9ho ob\u010dianskeho v\u00fdboru Solidarita v Przemy\u015bli na pln\u00fd \u00fav\u00e4zok.<\/em><\/p>\n\n\n\n<p class=\"has-text-align-center\"><strong>Po vojnovom stave<\/strong><\/p>\n\n\n\n<p>Po zaveden\u00ed stann\u00e9ho pr\u00e1va som sa vr\u00e1til do pr\u00e1ce v tov\u00e1rni House, odkia\u013e ma \u010doskoro zobrala \u0160tB na pohovor, kde ma varovala pred pokra\u010dovan\u00edm v \u010dinnosti v zak\u00e1zan\u00fdch odboroch.<\/p>\n\n\n\n<p>Po zru\u0161en\u00ed vojnov\u00e9ho stavu som okrem in\u00e9ho spoznal Mareka Kuchci\u0144sk\u00e9ho a prostredie zn\u00e1me ako kult\u00farne podkrovie. Akt\u00edvne som sa z\u00fa\u010dast\u0148oval na t\u00fdchto stretnutiach v podkrov\u00ed. Z\u00fa\u010dastnil som sa aj na pastor\u00e1cii po\u013enohospod\u00e1rov u otca Bartmi\u0144sk\u00e9ho v Krasiczyne. Na oboch t\u00fdchto miestach boli ve\u013emi zauj\u00edmav\u00ed \u013eudia z cel\u00e9ho Po\u013eska. Trochu som pom\u00e1hal aj v technick\u00fdch z\u00e1le\u017eitostiach pri vyd\u00e1van\u00ed \u010dasopisu Strych Kulturalny. V\u010faka kontaktom s podzemn\u00fdmi vydavate\u013estvami v strednom Po\u013esku som dostal takzvan\u00fa \"bibulu\" a zaoberal som sa najm\u00e4 distrib\u00faciou.<\/p>\n\n\n\n<p class=\"has-text-align-center\"> <strong>V ob\u010dianskom v\u00fdbore \"S\"<\/strong><\/p>\n\n\n\n<p>Vojvodsk\u00fd KO \"S\" v Przemy\u015bli vznikol (na prelome marca a apr\u00edla 1989) celkom spont\u00e1nne. Boli to \u013eudia spojen\u00ed s podzemn\u00fdm hnut\u00edm Solidarita, s nez\u00e1vislou kult\u00farou. V na\u0161om regi\u00f3ne boli za \u010dlenov KO \"S\" nominovan\u00ed dvaja \u013eudia: region\u00e1lny predseda podzemnej Solidarity - Marek Kami\u0144ski - a region\u00e1lny predseda Solidarity individu\u00e1lnych po\u013enohospod\u00e1rov - Jan Karu\u015b. Form\u00e1lne vytvorili provin\u010dn\u00fa \u0161trukt\u00faru KO \"S\" a odporu\u010dili \u013eud\u00ed na \u010dlenstvo. S\u00eddlom vojvodskej KO \"S\" bol, samozrejme, Przemy\u015bl, ale v okresn\u00fdch mest\u00e1ch, t. j. Lubacz\u00f3we, Jaroslawi a Przeworsku, sa KO \"S\" formovala aj v r\u00e1mci tejto vojvodskej \u0161trukt\u00fary. Na \u010dele krajinsk\u00e9ho bol Zbigniew Bortnik a jeho z\u00e1stupcovia boli ved\u00facimi \"okresn\u00fdch\": Irena Lewandowska v Przeworsku, Bronis\u0142aw Niemkiewicz v Jaroslawi a Mieczys\u0142aw Argasi\u0144ski v Lubaczowe. T\u00ed zasa h\u013eadali \u013eud\u00ed na pr\u00e1cu v ter\u00e9ne.<\/p>\n\n\n\n<p>V roku 1989 som e\u0161te pracoval v Krajinskom zv\u00e4ze bytov\u00fdch dru\u017estiev ako stavebn\u00fd in\u017einier. Ke\u010f bol v Przemy\u015bli zalo\u017een\u00fd Ob\u010diansky v\u00fdbor Solidarita, stal som sa jeho st\u00e1lym tajomn\u00edkom. Druh\u00fdkr\u00e1t v \u017eivote som opustil svoje profesion\u00e1lne zamestnanie za s\u013e\u00faben\u00fa kompenz\u00e1ciu m\u00f4jho s\u00edce skromn\u00e9ho z\u00e1robku vo WZSM. A to preto, \u017ee do konca volebnej kampane zost\u00e1vali u\u017e len dva mesiace, tento kr\u00e1tky \u010das bol trochu desiv\u00fd, tak\u017ee sme sa museli s\u00fastredi\u0165 a maximalizova\u0165 na\u0161e aktivity. Ako tajomn\u00edk KO \"S\" som naozaj nechcel prevzia\u0165 \u010fal\u0161iu \u00falohu ved\u00faceho volebnej kancel\u00e1rie, ale prakticky mi tieto povinnosti aj tak pripadli.<\/p>\n\n\n\n<p class=\"has-text-align-center\"><strong> Nezi\u0161tn\u00e1 oddanos\u0165 \u013eud\u00ed<\/strong><\/p>\n\n\n\n<p>Mus\u00edm v\u0161ak prizna\u0165, \u017ee som sa v praxi delil o povinnosti tajomn\u00edka s Marekom Kuchci\u0144sk\u00fdm, ktor\u00fd form\u00e1lne nemal vo v\u00fdbore \u017eiadnu \u0161pecifick\u00fa funkciu. V\u00fdborne a bez z\u00e1ujmu v\u0161ak vykon\u00e1val v\u00e4\u010d\u0161inu technick\u00fdch pr\u00e1c, t. j. v\u00fdrobu plag\u00e1tov a tla\u010d r\u00f4znych let\u00e1kov. Bol som zodpovedn\u00fd najm\u00e4 za organizovanie stretnut\u00ed na\u0161ich kandid\u00e1tov s voli\u010dmi, ktor\u00e9 sme robili spolu s predsedom Zbyszkom Bortnikom. On sa staral viac o vidiecke oblasti przemysk\u00e9ho vojvodstva a ja som sa staral viac o mest\u00e1. Vybavoval som aj telexy a kore\u0161pondenciu s na\u0161\u00edm velite\u013estvom vo Var\u0161ave.<strong>&nbsp;<\/strong><\/p>\n\n\n\n<p>Pam\u00e4t\u00e1m si, \u017ee ke\u010f sa kone\u010dne kon\u0161tituoval n\u00e1\u0161 krajinsk\u00fd v\u00fdbor, konalo sa tak\u00e9 kulo\u00e1rne stretnutie. Medzi pr\u00edtomn\u00fdmi bol aj Adam Szostkiewicz (za \u00e9ry Solidarity hovorca Region\u00e1lneho predstavenstva \"S\" v Przemy\u015bli, nesk\u00f4r zn\u00e1my novin\u00e1r a publicista), ktor\u00fd n\u00e1s varoval, \u017ee \"nem\u00e1 zmysel vies\u0165 len t\u00fato dvojmesa\u010dn\u00fa kampa\u0148 pred j\u00fanov\u00fdmi vo\u013ebami\". \u00daplne neveril, \u017ee by sme to mohli zvl\u00e1dnu\u0165, a bol presved\u010den\u00fd, \u017ee tieto ob\u010dianske v\u00fdbory s\u00fa len n\u00e1pad, ako n\u00e1s zdiskreditova\u0165.<\/p>\n\n\n\n<p>Absol\u00fatne som nes\u00fahlasil s jeho n\u00e1zorom a, ako som u\u017e spomenul, nev\u00e1hal som opusti\u0165 svoje zamestnanie, aby som mohol pracova\u0165 pre v\u00fdbor na pln\u00fd \u00fav\u00e4zok. Napriek tomu ma na za\u010diatku trochu vystra\u0161ila obrovsk\u00e1 miera improviz\u00e1cie a spont\u00e1nnosti v \u010dinnosti v\u00fdboru. Neveril som, \u017ee sa d\u00e1 riadi\u0165. Ur\u010dit\u00fa pomoc v\u0161ak poskytol aj Ob\u010diansky v\u00fdbor pod veden\u00edm Lecha Wa\u0142\u0119su, ktor\u00fd vymenoval sty\u010dn\u00fdch d\u00f4stojn\u00edkov, aby sa spojili s jednotliv\u00fdmi v\u00fdbormi v provinci\u00e1ch. Prich\u00e1dzali k n\u00e1m do Przemy\u015bla a p\u00fdtali sa, s \u010d\u00edm by n\u00e1m mohli pom\u00f4c\u0165. Zvy\u010dajne to boli akademici z Var\u0161avy. Ke\u010f videli, \u010do tu rob\u00edme, boli prekvapen\u00ed a ohromen\u00ed, \u017ee ke\u010f nem\u00e1me takmer ni\u010d, dok\u00e1\u017eeme toho to\u013eko urobi\u0165. Boli prekvapen\u00ed, \u017ee n\u00e1m \u013eudia po\u017ei\u010diavali svoje aut\u00e1 a spont\u00e1nne darovali peniaze na na\u0161e aktivity. <strong>&nbsp;&nbsp;&nbsp;&nbsp;&nbsp;&nbsp;&nbsp;&nbsp;&nbsp;&nbsp;&nbsp;&nbsp;&nbsp;&nbsp;&nbsp;&nbsp;&nbsp;&nbsp;&nbsp;&nbsp;&nbsp;&nbsp;&nbsp;&nbsp;<\/strong><\/p>\n\n\n\n<p>Na za\u010diatku som sa ve\u013emi ob\u00e1val, ako pojmeme v\u0161etku t\u00fa spont\u00e1nnos\u0165 na\u0161ej predvolebnej kampane. Ka\u017ed\u00fd de\u0148 prich\u00e1dzali obyvatelia a dobrovo\u013ene prispievali na na\u0161u volebn\u00fa kampa\u0148 a my sme to potvrdzovali len na papieroch. Okrem toho sme nemali ani ofici\u00e1lne \u00fa\u010dtenky. R\u00fdchlo som v\u0161ak dospel k z\u00e1veru, \u017ee mus\u00edme \u00eds\u0165 s pr\u00fadom a, nedajbo\u017ee, nezasahova\u0165.<\/p>\n\n\n\n<p>Predseda Zbyszek Bortnik, hoci bol dobr\u00fd organiz\u00e1tor, nemal hlavu na v\u0161etky tie form\u00e1lne, byrokratick\u00e9 z\u00e1le\u017eitosti, tak\u017ee v praxi som sa o finan\u010dn\u00e9 z\u00e1le\u017eitosti staral ja spolu s na\u0161ou hlavnou \u00fa\u010dtovn\u00ed\u010dkou Jadwigou \u015awietlickou (pracovala na da\u0148ovom \u00farade, ale Janek Bartmi\u0144ski ju presved\u010dil, aby spolupracovala s KO \"S\"). Uvedomovali sme si toti\u017e, \u017ee ak by nad\u0161enie nesk\u00f4r vyprchalo, niekto by mohol po\u017eadova\u0165 vy\u00fa\u010dtovanie finan\u010dn\u00fdch pr\u00edjmov a v\u00fddavkov. T\u00fato situ\u00e1ciu sa n\u00e1m podarilo udr\u017ea\u0165 pod kontrolou, a tak nesk\u00f4r nenastali \u017eiadne probl\u00e9my. Po\u010das predvolebnej kampane dokonca doch\u00e1dzalo k situ\u00e1ci\u00e1m, ke\u010f sa \u013eudia spont\u00e1nne pon\u00fakali, \u017ee pom\u00f4\u017eu odviez\u0165 na\u0161ich kandid\u00e1tov na stretnutia, a po vo\u013eb\u00e1ch niektor\u00ed z nich po\u017eadovali zaplatenie za spotrebovan\u00e9 palivo. Tak\u017ee to bolo potrebn\u00e9 nejako vyrie\u0161i\u0165.&nbsp;<\/p>\n\n\n\n<p>Spoznal som vtedy ve\u013ea zauj\u00edmav\u00fdch \u013eud\u00ed a m\u00e1m na to obdobie ve\u013emi pekn\u00e9 spomienky, aj ke\u010f to bolo na \u00fakor mojej rodiny, preto\u017ee v praxi sme museli pracova\u0165 od r\u00e1na do ve\u010dera a niekedy aj nepretr\u017eite. Popoludn\u00ed som \u010dasto musel vzia\u0165 svojho mal\u00e9ho syna do kancel\u00e1rie a \"\u00faradova\u0165\" s n\u00edm.&nbsp;<\/p>\n\n\n\n<p class=\"has-text-align-center\"><strong>No\u010dn\u00e9 vl\u00e1manie do kancel\u00e1rie<\/strong><\/p>\n\n\n\n<p>Najzn\u00e1mej\u0161ou epiz\u00f3dou, ktor\u00e1 sa n\u00e1m stala po\u010das kampane, bolo no\u010dn\u00e9 vl\u00e1manie do na\u0161ej kancel\u00e1rie KO \"S\". Bolo to jedn\u00e9ho m\u00e1jov\u00e9ho d\u0148a, ke\u010f som o jeden\u00e1stej ve\u010der musel \u00eds\u0165 kv\u00f4li nie\u010domu na \u00farad. V okamihu, ke\u010f som otvoril dvere, e\u0161te pred rozsvieten\u00edm svetla, som vo vn\u00fatri uvidel nejak\u00fa tmav\u00fa postavu, ktor\u00e1 sa pon\u00e1h\u013eala utiec\u0165 cez rozbit\u00e9 okno. Samozrejme, \u017ee som urobil rozruch, zavolal som pol\u00edciu a nahl\u00e1sil vl\u00e1manie na V\u00fdbor pri Lechu Wa\u0142\u0119sovi vo Var\u0161ave. Zbyszek Bortnik nap\u00edsal ostr\u00fd protest a poslal ho do nov\u00edn.<\/p>\n\n\n\n<p>Nesk\u00f4r sa uk\u00e1zalo, \u017ee t\u00e1to z\u00e1hadn\u00e1 postava sa dostala dovn\u00fatra z malej miestnosti, ktor\u00e1 s nami susedila (oddelen\u00e1 zatvoren\u00fdmi dverami). Spom\u00ednam si, \u017ee n\u00e1m ho nechceli da\u0165 po\u010das presunu priestorov do kancel\u00e1rie KO \"S\", ktor\u00e1 sa nach\u00e1dzala na N\u00e1mest\u00ed legion\u00e1rov (teraz je tam ryb\u00ed bar). Pravdepodobne ho pou\u017e\u00edvali eses\u00e1ci na odpo\u010d\u00favanie a niekedy v noci pravdepodobne vnikali do na\u0161ej kancel\u00e1rie a prehrab\u00e1vali sa v z\u00e1suvk\u00e1ch. Samozrejme, milicia neodhalila \u017eiadneho p\u00e1chate\u013ea l\u00fape\u017ee, ale pr\u00edpad sa stal celoslovensky zn\u00e1mym, preto\u017ee inform\u00e1cie o incidente sa objavili aj v \"Teleexprese\".<\/p>\n\n\n\n<p class=\"has-text-align-center\"><strong>Vo\u013eby 4. j\u00fana<\/strong><\/p>\n\n\n\n<p>V\u010faka tejto udalosti sme si uvedomili, \u017ee volebn\u00fdm komisi\u00e1m nem\u00f4\u017eeme d\u00f4verova\u0165. N\u00e1sledne sme do v\u0161etk\u00fdch zaviedli vlastn\u00fdch podnikov\u00fdch d\u00f4vern\u00edkov a uskuto\u010dnili sme vlastn\u00e9 samostatn\u00e9 s\u010d\u00edtanie hlasov. Mus\u00edm poveda\u0165, \u017ee som bol proti tomu, pravdepodobne a\u017e na hranici prehnanej ned\u00f4very, ale prevl\u00e1dol v\u00e4\u010d\u0161inov\u00fd n\u00e1zor, \u017ee sa to mus\u00ed zavies\u0165. Tak\u017ee mlad\u00ed \u013eudia, ktor\u00ed u\u017e vedeli pracova\u0165 s po\u010d\u00edta\u010dom, spo\u010d\u00edtali v\u0161etky hlasy, ktor\u00e9 im 4. j\u00fana odovzdali na\u0161i \u0161\u00e9fovia obchodov zo z\u00e1pisn\u00edc volebn\u00fdch komisi\u00ed.<\/p>\n\n\n\n<p>A uk\u00e1zalo sa, \u017ee sme boli prv\u00ed v Po\u013esku, ktor\u00ed poznali v\u00fdsledky hlasovania v Przemy\u0161lskom vojvodstve. V tom \u010dase n\u00e1m telefonovali tla\u010dov\u00e9 agent\u00fary takmer z cel\u00e9ho sveta (vr\u00e1tane BBC a R\u00e1dia Slobodn\u00e1 Eur\u00f3pa) a \u017eiadali n\u00e1s o fakty a na\u0161e n\u00e1zory. O situ\u00e1cii v celej krajine sme toho ve\u013ea nevedeli, ale mali sme svojich p\u00e4\u0165 min\u00fat v m\u00e9di\u00e1ch. Na\u0161a ned\u00f4vera a odhodlanie sa vyplatili. Mali sme rados\u0165, ke\u010f sa tieto na\u0161e predbe\u017en\u00e9 v\u00fdsledky volieb nesk\u00f4r \u00faplne potvrdili v ofici\u00e1lnych v\u00fdsledkoch.<\/p>\n\n\n\n<p class=\"has-text-align-center\"><strong>Pred komun\u00e1lnymi vo\u013ebami<\/strong><\/p>\n\n\n\n<p>Po 4. j\u00fani a vlastne po druhom kole t\u00fdchto volieb, ke\u010f bolo po \u010dase jasn\u00e9, \u017ee sa vytvoria \u00fazemn\u00e9 samospr\u00e1vy, vznikla ot\u00e1zka, ako sa bud\u00fa vybera\u0165 kandid\u00e1ti KO \"S\" do komun\u00e1lnych volieb. Spo\u010diatku sme so Zbyszkom Bortnikom br\u00e1nili provin\u010dn\u00fa \u0161trukt\u00faru ako levy, ale nesk\u00f4r, ke\u010f sme videli siln\u00e9 odhodlanie s\u00faperov, sme ich nechceli ru\u0161i\u0165. A tak nakoniec \u013eudia zdru\u017een\u00ed okolo n\u00e1\u0161ho v\u00fdboru zalo\u017eili Ob\u010diansky v\u00fdbor Przemysl \"Solidarita\". Podobn\u00e9 \"S\" KO za\u010dali vznika\u0165 aj v in\u00fdch mest\u00e1ch a obciach. Po komun\u00e1lnych vo\u013eb\u00e1ch sme sa rozhodli rozpusti\u0165 vojvodsk\u00fd KO \"S\" v Przemy\u015bli.<\/p>\n\n\n\n<p>Pokia\u013e ide o vz\u0165ah krajinsk\u00e9ho KO \"S\" s podzemn\u00fdm odborov\u00fdm zv\u00e4zom \"Solidarita\", odborov\u00fd zv\u00e4z, ale predov\u0161etk\u00fdm \u013eudia, ho ve\u013emi podporovali. Odbor\u00e1ri v Przemy\u015bli aj v obciach ochotne vstupovali do mestsk\u00fdch alebo obecn\u00fdch v\u00fdborov a boli v nich akt\u00edvni. A to bolo to najcennej\u0161ie. Pravda\u017ee, odbory dali aj nejak\u00e9 peniaze a v\u0161etky tie plag\u00e1ty po\u010das volebnej kampane n\u00e1m dodal Ob\u010diansky v\u00fdbor Lecha Wa\u0142\u0119su vo Var\u0161ave. Najpotrebnej\u0161ia a rozhoduj\u00faca v\u0161ak bola nezi\u0161tn\u00e1 \u00fa\u010das\u0165 \u013eudu. V\u010faka tomu KO \"S\" vyhrala aj vo\u013eby do samospr\u00e1v miest a obc\u00ed v na\u0161om vojvodstve.<\/p>\n\n\n\n<p class=\"has-text-align-center\"><strong>V kancel\u00e1rii poslanca a guvern\u00e9ra<\/strong><\/p>\n\n\n\n<p>Pokia\u013e ide o m\u0148a, kr\u00e1tko po j\u00fanov\u00fdch parlamentn\u00fdch vo\u013eb\u00e1ch som dostal ponuku pracova\u0165 ako riadite\u013e Kancel\u00e1rie poslanca a sen\u00e1tora v Przemy\u015bli (form\u00e1lne som bol pol roka zamestnancom Kancel\u00e1rie Sen\u00e1tu). Okrem m\u0148a bola na pln\u00fd \u00fav\u00e4zok zamestnan\u00e1 Alicja Bartmi\u0144ska a Zbyszek Bortnik bol soci\u00e1lny aktivista. Spolo\u010dne sme zorganizovali stretnutia obyvate\u013eov s na\u0161imi vtedaj\u0161\u00edmi poslancami a sen\u00e1tormi.<\/p>\n\n\n\n<p>Po nieko\u013ek\u00fdch mesiacoch bol sen\u00e1tor Jan Musia\u0142 vymenovan\u00fd za guvern\u00e9ra Przemy\u0161lsk\u00e9ho vojvodstva a mne bolo pon\u00faknut\u00e9 miesto riadite\u013ea kancel\u00e1rie guvern\u00e9ra. Mus\u00edm poveda\u0165, \u017ee ako Przemy\u0161lsk\u00e9 vojvodstvo sme boli pri v\u00fdbere vojvodu v\u00fdnimkou. Vo v\u0161etk\u00fdch susedn\u00fdch vojvodstv\u00e1ch sa predsedovia vojvodsk\u00fdch v\u00fdborov Solidarita stali vojvodami. V Przemy\u015bli sa to nemohlo sta\u0165, preto\u017ee Zbigniewa Bortnika brzdila skuto\u010dnos\u0165, \u017ee si odpyk\u00e1val trest vo v\u00e4zen\u00ed za \u00fa\u010das\u0165 na \u0161kand\u00e1le s m\u00e4som.<\/p>\n\n\n\n<p>Vojvodom sa tak stal Janek Musia\u0142, ktor\u00fd z\u00e1rove\u0148 zostal sen\u00e1torom. Z tohto d\u00f4vodu sme niekedy mali na vojvodskom \u00farade probl\u00e9my, preto\u017ee bol pre\u0165a\u017een\u00fd povinnos\u0165ami. Janek toti\u017e verejne pris\u013e\u00fabil, \u017ee u\u017e nebude zast\u00e1va\u0165 tieto dve funkcie a ako vojvoda nebude kandidova\u0165 v nasleduj\u00facich parlamentn\u00fdch vo\u013eb\u00e1ch. Dopadlo to v\u0161ak inak, ke\u010f\u017ee kandidoval do Sen\u00e1tu a bol op\u00e4tovne zvolen\u00fd za sen\u00e1tora, pri\u010dom na\u010falej zast\u00e1val funkciu guvern\u00e9ra Przemy\u015bla pod vl\u00e1dou Hanny Suchockej.<\/p>\n\n\n\n<p>Guvern\u00e9rom v\u0161ak nebol dlho. Bol \u010dlenom strany Porozumienie Centrum a v Suchock\u00e9ho vl\u00e1de hrali ve\u013emi d\u00f4le\u017eit\u00fa \u00falohu \u013eudia z \u00danie slobody. Medzi t\u00fdmito dvoma form\u00e1ciami sa u\u017e za\u010dali trenice, ktor\u00e9 vyvrcholili tzv. A ke\u010f\u017ee Janek po\u010das hlasovania o n\u00e1vrhu rozpo\u010dtu nezdvihol ruku, bol okam\u017eite odvolan\u00fd z funkcie guvern\u00e9ra.<\/p>\n\n\n\n<p>Medzit\u00fdm som a\u017e do konca existencie przemysk\u00e9ho vojvodstva (t. j. do roku 1999) spolupracoval s nasleduj\u00facimi vojvodami: Adamom P\u0119zio\u0142om, Zdzis\u0142awom Ciupi\u0144sk\u00fdm, Stanis\u0142awom Bajdom a nakoniec s Leszkom Kisielom. Dlho som bol riadite\u013eom \u00faradu a za guvern\u00e9ra Bajdu som sa stal riadite\u013eom odboru hospod\u00e1rskeho rozvoja.<\/p>\n\n\n\n<p class=\"has-text-align-center\"><strong>Moje hodnotenie uplynul\u00e9ho \u0161tvr\u0165storo\u010dia<\/strong><\/p>\n\n\n\n<p>Ver\u00edm, \u017ee napriek v\u0161etk\u00e9mu to nebolo zbyto\u010dn\u00e9 obdobie, preto\u017ee na tejto ceste nedo\u0161lo k \u017eiadnej revol\u00facii a v\u0161etko sa uber\u00e1 spr\u00e1vnym smerom. Som optimista a t\u00fato skuto\u010dnos\u0165 akceptujem, ale to neznamen\u00e1, \u017ee som neza\u017eil nejak\u00e9 sklamanie.<\/p>\n\n\n\n<p>\u017dia\u013e, dopl\u00e1came na to, \u017ee dekomuniz\u00e1cia a previerky sa neuskuto\u010dnili hne\u010f, v d\u00f4sledku \u010doho sa na\u0161a mocensk\u00e1 elita neo\u010distila od \u013eud\u00ed s agent\u00farnou minulos\u0165ou. Navy\u0161e nie v\u0161etci aktivisti na\u0161ej KO \"S\" zostali vern\u00ed na\u0161ej pravicovej l\u00ednii. Preto\u017ee sme napr\u00edklad spolu so Zbyszkom Bortnikom a na\u0161im pravicov\u00fdm prostred\u00edm organizovali volebn\u00fa kampa\u0148 pre Janusza Onyszkiewicza, ktor\u00fd sa nesk\u00f4r ako poslanec zriekol svojich pravicov\u00fdch n\u00e1zorov a stal sa najprv liber\u00e1lom v \u00danii slobody a potom sa dokonca priklonil k postkomunistick\u00fdm \"demokratom\".<\/p>\n\n\n\n<p>Je zauj\u00edmav\u00e9, \u017ee vo vo\u013eb\u00e1ch v j\u00fani 1989 bol na\u0161\u00edm \u00fato\u010diacim protikandid\u00e1tom, t. j. st\u00fapencom star\u00e9ho komunistick\u00e9ho syst\u00e9mu, Marek Rz\u0105sa, ktor\u00e9ho komunisti nahradili ako \u00fadajn\u00e9ho \"nez\u00e1visl\u00e9ho\". V s\u00fa\u010dasnosti je \u010dlenom Ob\u010dianskej platformy a prekvapivo sa mu podarilo z\u00edska\u0165 \u0161tat\u00fat \"obete\" od IPN. V skuto\u010dnosti som mu to povedal do o\u010d\u00ed.<\/p>\n\n\n\n<p>Samozrejme, \u017ee ma frustruj\u00fa z\u00e1stupy mojich kolegov, ktor\u00ed s\u00fa politicky hlboko rozdelen\u00ed. Sna\u017e\u00edm sa v\u0161ak zorganizova\u0165 nieko\u013eko stretnut\u00ed b\u00fdval\u00fdch aktivistov Solidarity a ob\u010dianskych v\u00fdborov, ako aj pom\u00f4c\u0165 IPN oslovi\u0165 t\u00fdchto \u013eud\u00ed, aby sa aspo\u0148 ich \u017eivotopisy dostali do encyklop\u00e9die Solidarity. IPN toti\u017e h\u013ead\u00e1 t\u00fdchto b\u00fdval\u00fdch aktivistov, aby sa podelili o svoje spomienky a aby si ich nejak\u00fdm sp\u00f4sobom uctili.<\/p>\n\n\n\n<p>Tieto rozhovory a spomienky s\u00fa, samozrejme, odli\u0161n\u00e9. Mnoh\u00ed z t\u00fdchto b\u00fdval\u00fdch aktivistov s\u00fa dnes znechuten\u00ed a hlboko frustrovan\u00ed, preto\u017ee maj\u00fa pocit, \u017ee bojovali za spravodlivej\u0161ie Po\u013esko. Treba tie\u017e uzna\u0165, \u017ee mnoh\u00ed z nich zaplatili v tomto boji obrovsk\u00fa osobn\u00fa cenu. Ke\u010f som pracoval na vojvodinskom \u00farade, \u010dasto som sa stret\u00e1val s takouto nev\u00f4\u013eou, ke\u010f za mnou \u013eudia prich\u00e1dzali a hovorili: \"Ty tu pracuje\u0161 na \u00farade, dobre zar\u00e1ba\u0161, m\u00e1\u0161 sa dobre, zatia\u013e \u010do mnoh\u00ed b\u00fdval\u00ed aktivisti Solidarity \u017eij\u00fa v biede a ty im nepom\u00e1ha\u0161.<\/p>\n\n\n\n<p>Ani ma neprekvapilo, \u017ee pri\u0161li za mnou, ke\u010f\u017ee moja poz\u00edcia bola dos\u0165 v\u00fdznamn\u00e1, hoci m\u00f4j plat nebol ve\u013ek\u00fd a ledva som vysta\u010dil na koniec mesiaca. Mimochodom, s\u00e1m pozn\u00e1m v\u00fdznamn\u00e9ho aktivistu Solidarity, ktor\u00fd za svoju \u010dinnos\u0165 zaplatil obrovsk\u00fa cenu - je to Marek Pudli\u0144ski. Bol aktivistom v z\u00e1vode Pollena-Astra, \u010dlenom region\u00e1lnej rady \"S\" a jedn\u00fdm z dvoch z n\u00e1\u0161ho regi\u00f3nu (spolu s Wojtekom K\u0142y\u017com), ktor\u00ed boli zatknut\u00ed za pokus o organizovanie \u0161trajku. Bol internovan\u00fd, str\u00e1vil dlh\u00fd \u010das vo v\u00e4zen\u00ed a po vojnovom stave napriek tomu, \u017ee bol in\u017einier a ve\u013emi inteligentn\u00fd \u010dlovek, nedostal \u017eiadnu pr\u00e1cu a jeho rodina sa rozpadla. Nesk\u00f4r mu vy\u0161iel v \u00fastrety provinci\u00e1l Jan Musia\u0142 a prijal ho za riadite\u013ea odboru na provin\u010dnom \u00farade. \u017dia\u013e, Marek Pudlinski si nena\u0161iel pr\u00e1cu kv\u00f4li svojej rodinnej dr\u00e1me a prepadnutiu alkoholizmu. V d\u00f4sledku toho sme ho museli prepusti\u0165. Dnes \u017eije v domove d\u00f4chodcov. A tak\u00fdchto pr\u00edkladov bolo viac. Napr\u00edklad predseda v\u00fdboru Zbyszek Bortnik. Bol ve\u013emi rozhor\u010den\u00fd, \u017ee mu v novom, pojuniovom Po\u013esku nepon\u00fakli \u017eiadnu pr\u00e1cu za jeho obrovsk\u00fd pr\u00ednos v soci\u00e1lnej oblasti pre KO Solidarita. Mimochodom, som presved\u010den\u00fd, \u017ee keby sa stal napr. krajinsk\u00fdm guvern\u00e9rom, tak by pri svojej povahe prepustil aspo\u0148 polovicu zamestnancov krajinsk\u00e9ho \u00faradu.<\/p>\n\n\n\n<p>Po likvid\u00e1cii przemysk\u00e9ho vojvodstva som sa zamestnal na Colnom in\u0161pektor\u00e1te a po jeho likvid\u00e1cii na \u00darade da\u0148ovej kontroly v Przemy\u015bli, kde pracujem dodnes. Okrem toho som spolo\u010densky akt\u00edvny v Spolo\u010dnosti priate\u013eov vedy v Przemy\u015bli. Vyu\u017e\u00edvam sk\u00fasenosti z prv\u00e9ho zamestnania, zastupujem TPN v reziden\u010dnej komunite a organizujem predn\u00e1\u0161ky vr\u00e1tane spolupr\u00e1ce s \u00dastavom pam\u00e4ti n\u00e1roda (\u00daPN).<\/p>\n\n\n\n<p><\/p>\n\n\n\n<p><em>Rozhovor viedol a upravil Jacek Borz\u0119cki<\/em><\/p>\n\n\n\n<p>&#8212;&#8212;&#8212;&#8212;&#8212;&#8212;&#8212;&#8212;&#8212;&#8212;&#8212;&#8212;&#8212;&#8212;&#8212;&#8212;&#8212;&#8212;&#8212;&#8212;&#8212;&#8212;&#8212;&#8212;&#8212;&#8212;&#8212;&#8212;&#8212;&#8212;&#8212;&#8212;&#8212;&#8212;&#8212;&#8212;&#8212;&#8212;<\/p>\n\n\n\n<p><strong>Pokra\u010dovanie spomienok, ale u\u017e z poz\u00edcie d\u00f4chodcu (november 2022)<\/strong><\/p>\n\n\n\n<p><\/p>\n\n\n\n<p><strong>&nbsp;&nbsp;&nbsp;&nbsp;&nbsp;&nbsp;&nbsp;&nbsp; <\/strong>Vo svojich spomienkach som vynechal ni\u0165 Przemy\u0161\u013eansk\u00e9ho kult\u00farneho spolku, ktor\u00e1 je d\u00f4le\u017eit\u00e1 u\u017e len preto, \u017ee s\u00favis\u00ed s jeho dne\u0161nou reaktiv\u00e1ciou.<\/p>\n\n\n\n<p>Bude to tie\u017e dobr\u00e1 z\u00e1mienka na op\u00e4tovn\u00e9 predstavenie przemyskej nez\u00e1vislej kult\u00farnej komunity.<\/p>\n\n\n\n<p>Po vojnovom stave, za\u010diatkom 80. rokov, sa v Przemy\u015bli vytvorilo prostredie, ktor\u00e9 je dnes zn\u00e1me ako kult\u00farne podkrovie. Samotn\u00fd n\u00e1zov poch\u00e1dza z n\u00e1zvu liter\u00e1rneho a umeleck\u00e9ho \u010dasopisu, ktor\u00fd v tom \u010dase vych\u00e1dzal ako kon\u0161pir\u00e1cia proti \u00faradom a cenz\u00fare. T\u00e1to \u010dinnos\u0165 od roku 1983 spo\u010d\u00edvala v organizovan\u00ed cyklick\u00fdch umeleck\u00fdch v\u00fdstav v kostoloch pod n\u00e1zvom \u010clovek - Boh - svet a Dni kres\u0165anskej kult\u00fary. Stretnutia s umelcami sa konali aj v autentickom podkrov\u00ed na predmest\u00ed Przemy\u015bl v dome Mareka Kuchci\u0144sk\u00e9ho, neskor\u0161ieho mar\u0161\u00e1lka po\u013esk\u00e9ho Sejmu. Medzi hos\u0165ami boli napr\u00edklad: Roger Scruton, Tadeusz Mazowiecki, Ryszard Legutko, Zdzis\u0142aw Najder, Leszek Moczulski, Jaros\u0142aw Kaczy\u0144ski, Zbigniew Romaszewski, Bohdan Cywi\u0144ski, Krzysztof Dybciak, Jacek Maziarski, Adolf Juzwenko, Ludwik Dorn, Jan Szyszko a \u010fal\u0161\u00ed. Niektor\u00ed z t\u00fdchto \u013eud\u00ed boli u\u017e po roku 1989.<\/p>\n\n\n\n<p>Po politick\u00fdch zmen\u00e1ch v roku 1989 zaregistrovali v roku 1990 \u013eudia zo \u0161irok\u00e9ho nez\u00e1visl\u00e9ho kult\u00farneho prostredia zdru\u017eenie pod n\u00e1zvom Przemyskie Towarzystwo Kulturalne. Priestory poskytlo mesto na adrese Wybrze\u017ce J\u00f3zefa Pi\u0142sudskiego 1 (predt\u00fdm Manifestu Lipcowego), v \u010din\u017eiaku, kde po\u010das komunistickej \u00e9ry p\u00f4sobil Empik, teda Medzin\u00e1rodn\u00fd tla\u010dov\u00fd a kni\u017en\u00fd klub, form\u00e1lne odovzdan\u00fd na za\u010diatku Przemysk\u00e9mu v\u00fdboru ob\u010danov \"Solidarno\u015b\u0107\".<\/p>\n\n\n\n<p>Vtedy sa za\u010dali organizova\u0165 stretnutia so zauj\u00edmav\u00fdmi \u013eu\u010fmi a konferencie, na ktor\u00e9 sa vyu\u017e\u00edval aj z\u00e1mok v Krasiczyne; okrem toho sa organizovali hudobn\u00e9 koncerty, na ktor\u00fdch sa z\u00fa\u010dast\u0148ovali hudobn\u00edci z oblasti Przemy\u015bla. V tomto obdob\u00ed za\u010dali do ne\u010falek\u00e9ho \u013dvova a \u010falej cestova\u0165 \u013eudia z Po\u013eska. V tom \u010dase sa v Przemy\u015bli zastavovalo ve\u013ea n\u00e1v\u0161tevn\u00edkov, ktor\u00ed vyu\u017e\u00edvali tranzit na v\u00fdchod.<\/p>\n\n\n\n<p>Neobi\u0161lo sa to bez publika\u010dnej \u010dinnosti. Okrem 6 \u010d\u00edsel \u010dasopisu \"Kult\u00farna podkrovie\" vych\u00e1dzal v rokoch 1989-1993 mesa\u010dn\u00edk \"Spojrzenia Przemyskie\" a v r\u00e1mci kni\u017enice PTK boli vydan\u00e9 3 ucelen\u00e9 knihy, vr\u00e1tane kn\u00edh na vtedy \"hor\u00facu\" t\u00e9mu: \"Przemy\u015bl Carmel\".<\/p>\n\n\n\n<p>Odrazom kv\u00e1zi politickej \u010dinnosti bolo zalo\u017eenie klubu \"Nov\u00fd \u0161t\u00e1t\" pri Spolo\u010dnosti, ktor\u00fd poz\u00fdval na predn\u00e1\u0161ky \u013eud\u00ed zast\u00e1vaj\u00facich v\u00fdznamn\u00e9 verejn\u00e9 funkcie.&nbsp;<\/p>\n\n\n\n<p>Reforma verejnej spr\u00e1vy na prelome storo\u010d\u00ed sa stala podnetom pre zalo\u017eenie In\u0161tit\u00fatu region\u00e1lnej politiky pri Spolo\u010dnosti. V r\u00e1mci tohto in\u0161tit\u00fatu sa realizuj\u00fa programy ako: Ob\u010dianske vzdel\u00e1vanie, Dem-Lok. Miestna demokracia (spolupr\u00e1ca na po\u013esko-ukrajinskom pohrani\u010d\u00ed), Przemy\u015blsk\u00e1 akad\u00e9mia - pokra\u010dovanie v budovan\u00ed medzin\u00e1rodnej univerzity, Kult\u00farne a pr\u00edrodn\u00e9 dedi\u010dstvo, Ochrana \u017eivotn\u00e9ho prostredia a cestovn\u00fd ruch, Region\u00e1lna propag\u00e1cia, Strat\u00e9gia rozvoja regi\u00f3nu, subregi\u00f3nu a okresov. Nie v\u0161etky programy sa podarilo rozbehn\u00fa\u0165, ale tie posledn\u00e9 vy\u00fastili do spolupr\u00e1ce u\u017e na \u00farovni vl\u00e1dnych a parlamentn\u00fdch \u0161trukt\u00far s W\u0142adys\u0142awom Ortylom - spoluzakladate\u013eom najstar\u0161ej po\u013eskej \u0161peci\u00e1lnej hospod\u00e1rskej z\u00f3ny v Mielci - alebo s ministerkou region\u00e1lneho rozvoja Gra\u017cynou G\u0119sickou (ktor\u00e1 zahynula pri katastrofe v Smolensku). Najlep\u0161\u00edm v\u00fdsledkom je program V\u00fdchodn\u00e9ho Po\u013eska na podporu rozvoja t\u00fdchto kraj\u00edn, pri zrode ktor\u00e9ho stoj\u00ed In\u0161tit\u00fat region\u00e1lnej politiky Spolo\u010dnosti.<\/p>\n\n\n\n<p>Pri P.T.K. bol zalo\u017een\u00fd aj klub \"Nov\u00fd \u0161t\u00e1t\", ktor\u00fd prevzal aj organizovanie stretnut\u00ed s \u013eu\u010fmi zast\u00e1vaj\u00facimi v\u00fdznamn\u00e9 funkcie v \u0161t\u00e1tnej a miestnej spr\u00e1ve.<\/p>\n\n\n\n<p>Koncom 90. rokov sme sa vyjadrili aj k navrhovanej administrat\u00edvnej reforme a zru\u0161eniu 49 provinci\u00ed. Najkomplexnej\u0161ie \u0161t\u00fadie na t\u00fato t\u00e9mu vypracoval Ing. Mariusz Ko\u015bcielny, vtedaj\u0161\u00ed riadite\u013e \u00daradu pre hospod\u00e1rsku \u00fapravu lesov. Obhajovali sme vtedaj\u0161ie Przemy\u0161lsk\u00e9 vojvodstvo t\u00fdm, \u017ee sme navrhli premiestnenie niektor\u00fdch centr\u00e1lnych in\u0161tit\u00faci\u00ed do Przemy\u015bla a umiestnenie \u00faradov bud\u00faceho vojvodstva, ako aj vytvorenie Przemy\u0161lskej akad\u00e9mie at\u010f.<\/p>\n\n\n\n<p>Dnes m\u00f4\u017eeme poveda\u0165, \u017ee v\u00fdzva na zalo\u017eenie Przemy\u0161\u013eanskej akad\u00e9mie viedla k zalo\u017eeniu \u0160t\u00e1tnej vy\u0161\u0161ej odbornej \u0161koly v Przemy\u015bli. Okrem toho mesto z\u00edskalo \u0161tat\u00fat mestskej \u017eupy a z krajinsk\u00fdch \u00faradov zostali Coln\u00e1 komora a Krajinsk\u00fd \u00farad konzerv\u00e1tora pamiatok.<\/p>\n\n\n\n<p>Najv\u00e4\u010d\u0161\u00edm \u00faspechom t\u00fdchto nadregion\u00e1lnych podujat\u00ed v r\u00e1mci Przemy\u0161\u013eansk\u00e9ho kult\u00farneho spolku - pokra\u010dovate\u013ea nez\u00e1visl\u00e9ho kult\u00farneho prostredia Przemy\u015bla - s\u00fa v\u0161ak \u010fal\u0161ie ro\u010dn\u00edky konferencie Eur\u00f3pa Karp\u00e1t, ktor\u00e1 je okrem in\u00e9ho pokusom o dosiahnutie \u0161tat\u00fatu kraj\u00edn v p\u00e1sme tohto pohoria - pod\u013ea vzoru programov Eur\u00f3pskej \u00fanie pre krajiny alpsk\u00e9ho p\u00e1sma. Neobvykl\u00e9 s\u00fa aj miesta konania t\u00fdchto konferenci\u00ed: prv\u00e9 konferencie sa konali v Przemy\u015bli a Krasiczyne, zatia\u013e \u010do neskor\u0161ie konferencie boli aj samostatn\u00fdmi panelmi v r\u00e1mci Hospod\u00e1rskeho f\u00f3ra v Krynici a Karpaczi. Mnoh\u00e9 z nich s podporou kancel\u00e1rie Sejmu a \u010fal\u0161\u00edch in\u0161tit\u00faci\u00ed.<\/p>\n\n\n\n<p>Dlhoro\u010dn\u00e9 aktivity \u010dlenov spolku vy\u00fastili do \u00fa\u010dasti v ob\u010dianskych v\u00fdboroch, nesk\u00f4r aj v politick\u00fdch stran\u00e1ch, zast\u00e1vali tie\u017e funkcie v podnikate\u013eskej sf\u00e9re, samospr\u00e1ve, \u0161t\u00e1tnej spr\u00e1ve a parlamente. \u010casom, pribli\u017ene v roku 1997, to viedlo k ukon\u010deniu \u010dinnosti spolku t\u00fdm, \u017ee vtedaj\u0161ie zdru\u017eenie nebolo zaregistrovan\u00e9 v N\u00e1rodnom s\u00fadnom registri.<\/p>\n\n\n\n<p>&nbsp;&nbsp;&nbsp;&nbsp;&nbsp;&nbsp;&nbsp;&nbsp; Po desiatich rokoch som sa prihl\u00e1sil do Spolo\u010dnosti priate\u013eov vedy v Przemy\u015bli minim\u00e1lne z dvoch d\u00f4vodov: aby som zdokumentoval a pripomenul si pobyt gener\u00e1la W\u0142adys\u0142awa Andersa v Przemy\u015bli v decembri 1939 a aby som ho v roku 2009 osl\u00e1vil.  200 rokov rodiny Pawlikovsk\u00fdch v Medyke, ktor\u00e9 sa konali pri pr\u00edle\u017eitosti 100. v\u00fdro\u010dia zalo\u017eenia TPN. Samotn\u00fa spomienku na gener\u00e1la Andersa realizovalo Towarzystwo Przyjaci\u00f3\u0142 Przemy\u015bla i Regionu (Spolo\u010dnos\u0165 priate\u013eov Przemy\u015bla a regi\u00f3nu), a to v r\u00e1mci trojd\u0148ov\u00fdch osl\u00e1v rodiny Pawlikovsk\u00fdch z Mediky: v ro\u010denke TPN Przemy\u015bl boli v roku 2009 publikovan\u00e9 materi\u00e1ly z konferencie v MNZP, Vojvodsk\u00e1 pedagogick\u00e1 kni\u017enica prijala J\u00f3zefa Gwalberta Pawlikovsk\u00e9ho za svojho patr\u00f3na, v Medike bola zrekon\u0161truovan\u00e1 pam\u00e4tn\u00e1 tabu\u013ea J\u00e1na Gwalberta Pawlikovsk\u00e9ho, vysaden\u00e9 pam\u00e4tn\u00e9 stromy a zalo\u017een\u00e9 Zdru\u017eenie priate\u013eov Mediky.<\/p>\n\n\n\n<p>V roku 2013 som sa podie\u013eal na oslav\u00e1ch 500. v\u00fdro\u010dia narodenia Stanislava Orzechowsk\u00e9ho, jedn\u00e9ho z najv\u00fdznamnej\u0161\u00edch politick\u00fdch spisovate\u013eov Przemy\u015bla.  Na tomto \u00fasil\u00ed sa okrem in\u00fdch akt\u00edvne podie\u013eal aj Dr. Jan Musia\u0142, a to aj ako editor vydan\u00fdch konferen\u010dn\u00fdch materi\u00e1lov.<\/p>\n\n\n\n<p>Okrem populariz\u00e1cie vedy som sa s vyu\u017eit\u00edm svojich odborn\u00fdch sk\u00fasenost\u00ed stavebn\u00e9ho in\u017einiera a \u0161t\u00e1tneho zamestnanca podie\u013eal na oprave zatekaj\u00facej strechy vedeckej kni\u017enice a n\u00e1slednom prevode kni\u017en\u00e9ho fondu a priestorov kni\u017enice do N\u00e1rodn\u00e9ho m\u00fazea Przemysla.<\/p>\n\n\n\n<p>&nbsp;&nbsp;&nbsp;&nbsp;&nbsp;&nbsp;&nbsp;&nbsp; V roku 2021 sa v\u0161ak rozhodlo o obnoven\u00ed \u010dinnosti Przemy\u0161\u013eanskej kult\u00farnej spolo\u010dnosti, ktor\u00e1 s\u00eddlila v b\u00fdvalej sekcii MPiK.<\/p>\n\n\n\n<p>Zdru\u017eenie Karpatsk\u00fdch klubov Eur\u00f3py, ktor\u00e9 vzniklo ako jeden z v\u00fdsledkov cyklick\u00fdch konferenci\u00ed Eur\u00f3pa Karp\u00e1t (uskuto\u010dnilo sa 34 ro\u010dn\u00edkov) - tak okam\u017eite na\u0161lo \u00fato\u010disko v \u0161trukt\u00farach tejto spolo\u010dnosti, ktor\u00e1 bude na\u010falej p\u00edsa\u0165 jej hist\u00f3riu.<\/p>\n\n\n\n<p>Predt\u00fdm, teda pred reaktiv\u00e1ciou P.T.K. - MNZP vydalo reprint vyd\u00e1van\u00fdch liter\u00e1rnych a v\u00fdtvarn\u00fdch \u010dasopisov Kult\u00farna podkrovie, vr\u00e1tane materi\u00e1lov z nevydan\u00e9ho posledn\u00e9ho \u010d\u00edsla.<\/p>\n\n\n\n<p>Ani z\u00e1sluhy Mareka Kuchci\u0144sk\u00e9ho ako predsedu po\u013esk\u00e9ho Sejmu - v oblasti doteraj\u0161ej \u010dinnosti v nez\u00e1vislej kult\u00farnej komunite, hoci len v roku 2018 - nemo\u017eno prece\u0148ova\u0165.<\/p>\n\n\n\n<p>Vydavate\u013estvo Sejm a MNZP vydali publik\u00e1ciu s n\u00e1zvom. \"Mesto stato\u010dnosti. Przemy\u015bl pri pr\u00edle\u017eitosti 100. v\u00fdro\u010dia znovuz\u00edskania nez\u00e1vislosti\" s jeho predslovom.<\/p>\n\n\n\n<p>Okrem toho - pripomienka osobnosti Andrzeja Maksymiliana Fredru pri pr\u00edle\u017eitosti n\u00e1rodn\u00fdch osl\u00e1v 550 rokov po\u013esk\u00e9ho parlamentarizmu. Z\u00e1mienkou na dokon\u010denie t\u00fdchto osl\u00e1v v Przemy\u015bli bola \u0161t\u00fadia Dr. Andrzeja Kr\u00f3la TPN: <em>Sejmik panstiev \u013dvov, Przemy\u015bl a Sanok v S\u0105dowej Wiszni po\u010das vl\u00e1dy dynastie Vazov (1578-1668)<\/em> vyd\u00e1va TPN. V\u00fdsledkom t\u00fdchto sn\u00e1h bolo aj spolufinancovanie tretieho zv\u00e4zku spisovate\u013ea vydan\u00e9ho N\u00e1rodn\u00fdm kult\u00farnym in\u0161tit\u00fatom vydavate\u013estvom Sejm, pam\u00e4tn\u00e1 tabu\u013ea v kostole, zvon pomenovan\u00fd po Andrzeji Maksymilianovi a jeho busta - v\u0161etko v are\u00e1li Kalwarii Pac\u0142awskej, a v kostole otcov reform\u00e1torov v Przemy\u015bli obnovenie pam\u00e4tnej tabule A. M. Fredru pochovan\u00e9ho v krypte kostola.<\/p>\n\n\n\n<p>Zasl\u00fa\u017eil sa aj o pripomenutie pamiatky maliara Mariana Stro\u0144sk\u00e9ho pam\u00e4tnou tabu\u013eou na ulici, kde \u017eil, o zriadenie patr\u00f3na z\u00e1mock\u00e9ho parku a st\u00e1lej expoz\u00edcie v Mestskom historickom m\u00fazeu.<\/p>\n\n\n\n<p>Aktivity na medzin\u00e1rodnom poli, najm\u00e4 v r\u00e1mci Vy\u0161ehradskej skupiny \u0161t\u00e1tov, vy\u00fastili do pripomenutia si stretnutia hl\u00e1v parlamentov v podobe n\u00e1mestia a pam\u00e4tn\u00e9ho kame\u0148a, ako aj pam\u00e4tn\u00edkov jazdcom a honv\u00e9dom pri Rytierskej br\u00e1ne na Dominik\u00e1nskom n\u00e1mest\u00ed s pam\u00e4tnou tabu\u013eou.<\/p>\n\n\n\n<p>Festival kult\u00fary Po\u013eskej republiky, organizovan\u00fd Kult\u00farnym centrom v Przemy\u015bli, s trad\u00edciami predvojnov\u00e9ho telocvi\u010dn\u00e9ho spolku Sokol, s \u00fa\u010das\u0165ou tak\u00fdch osobnost\u00ed, ako bol profesor Zdzis\u0142aw Krasnod\u0119bski alebo redaktor Bronis\u0142aw Wildstein - sa nezaobi\u0161iel ani bez potrebnej podpory pri poz\u00fdvan\u00ed tak\u00fdchto \u013eud\u00ed.<\/p>\n\n\n\n<p>Na realiz\u00e1cii uveden\u00fdch projektov sa zvy\u010dajne podie\u013eali aj \u013eudia spojen\u00ed s b\u00fdval\u00fdm prostred\u00edm nez\u00e1vislej kult\u00fary alebo neskor\u0161\u00edm Przemyslov\u00fdm kult\u00farnym zdru\u017een\u00edm. Zost\u00e1va mi, aby som sa odvolal aj na spomienky t\u00fdchto \u013eud\u00ed, preto\u017ee konfront\u00e1cia t\u00fdchto \u013eud\u00ed so s\u00fa\u010dasnos\u0165ou - umo\u017en\u00ed nielen ich pripomen\u00fa\u0165, ale aj urobi\u0165 ich d\u00f4veryhodn\u00fdmi a konfronta\u010dn\u00fdmi.<\/p>\n\n\n\n<p><em>Waldemar Wiglusz<\/em><\/p>\n\n\n\n<p><strong>&nbsp;&nbsp;&nbsp;&nbsp;&nbsp;&nbsp;&nbsp;&nbsp; <\/strong><\/p>","protected":false},"excerpt":{"rendered":"<p>Z ENCYKLOPEDII SOLIDARNO\u015aCI IPN Waldemar&nbsp;Wiglusz, ur. 9 III 1953 w \u0141a\u0144cucie. Absolwent Politechniki Rzeszowskiej, Wydz. Budownictwa L\u0105dowego (1978). https:\/\/encysol.pl\/es\/encyklopedia\/biogramy\/19397,Wiglusz-Waldemar.html?search=98922189979361 . Dzia\u0142alno\u015b\u0107 zwi\u0105zkow\u0105 rozpoczyna\u0142 w przemyskiej Fabryce Dom\u00f3w, gdzie za\u0142o\u017cy\u0142 Komisj\u0119 Zak\u0142adow\u0105&nbsp; Solidarno\u015bci i by\u0142 zast\u0119pc\u0105 przewodnicz\u0105cego tej\u017ce Komisji. Potem wszed\u0142 w sk\u0142ad Zarz\u0105du Regionu NSZZ \u201eSolidarno\u015b\u0107\u201d, w kt\u00f3rym \u2013 jako in\u017cynier \u2013 zajmowa\u0142 si\u0119 sprawami [&hellip;]<\/p>","protected":false},"author":4,"featured_media":2143,"comment_status":"open","ping_status":"open","sticky":false,"template":"","format":"standard","meta":{"footnotes":""},"categories":[36,14],"tags":[],"_links":{"self":[{"href":"https:\/\/archiwumwolnosci.pl\/sk\/wp-json\/wp\/v2\/posts\/2024"}],"collection":[{"href":"https:\/\/archiwumwolnosci.pl\/sk\/wp-json\/wp\/v2\/posts"}],"about":[{"href":"https:\/\/archiwumwolnosci.pl\/sk\/wp-json\/wp\/v2\/types\/post"}],"author":[{"embeddable":true,"href":"https:\/\/archiwumwolnosci.pl\/sk\/wp-json\/wp\/v2\/users\/4"}],"replies":[{"embeddable":true,"href":"https:\/\/archiwumwolnosci.pl\/sk\/wp-json\/wp\/v2\/comments?post=2024"}],"version-history":[{"count":22,"href":"https:\/\/archiwumwolnosci.pl\/sk\/wp-json\/wp\/v2\/posts\/2024\/revisions"}],"predecessor-version":[{"id":6237,"href":"https:\/\/archiwumwolnosci.pl\/sk\/wp-json\/wp\/v2\/posts\/2024\/revisions\/6237"}],"wp:featuredmedia":[{"embeddable":true,"href":"https:\/\/archiwumwolnosci.pl\/sk\/wp-json\/wp\/v2\/media\/2143"}],"wp:attachment":[{"href":"https:\/\/archiwumwolnosci.pl\/sk\/wp-json\/wp\/v2\/media?parent=2024"}],"wp:term":[{"taxonomy":"category","embeddable":true,"href":"https:\/\/archiwumwolnosci.pl\/sk\/wp-json\/wp\/v2\/categories?post=2024"},{"taxonomy":"post_tag","embeddable":true,"href":"https:\/\/archiwumwolnosci.pl\/sk\/wp-json\/wp\/v2\/tags?post=2024"}],"curies":[{"name":"wp","href":"https:\/\/api.w.org\/{rel}","templated":true}]}}