{"id":2158,"date":"2022-11-08T12:25:00","date_gmt":"2022-11-08T12:25:00","guid":{"rendered":"https:\/\/archiwumwolnosci.pl\/?p=2158"},"modified":"2022-11-17T16:02:52","modified_gmt":"2022-11-17T16:02:52","slug":"kuchcinski-marek","status":"publish","type":"post","link":"https:\/\/archiwumwolnosci.pl\/it\/kuchcinski-marek\/","title":{"rendered":"Marek Kuchci\u0144ski"},"content":{"rendered":"<p><\/p>\n\n\n\n<p><\/p>\n\n\n\n<p><\/p>\n\n\n\n<div class=\"wp-block-media-text is-stacked-on-mobile\" style=\"grid-template-columns:21% auto\"><figure class=\"wp-block-media-text__media\"><a href=\"https:\/\/encysol.pl\/es\/encyklopedia\/biogramy\/17095,Kuchcinski-Marek.html\"><img fetchpriority=\"high\" decoding=\"async\" width=\"434\" height=\"245\" src=\"https:\/\/archiwumwolnosci.pl\/wp-content\/uploads\/2022\/11\/encykl-sol.-11.jpg\" alt=\"\" class=\"wp-image-3705 size-full\" srcset=\"https:\/\/archiwumwolnosci.pl\/wp-content\/uploads\/2022\/11\/encykl-sol.-11.jpg 434w, https:\/\/archiwumwolnosci.pl\/wp-content\/uploads\/2022\/11\/encykl-sol.-11-300x169.jpg 300w\" sizes=\"(max-width: 434px) 100vw, 434px\" \/><\/a><\/figure><div class=\"wp-block-media-text__content\">\n<p><strong>DALL'ENCICLOPEDIA DELLA SOLIDARIET\u00c0 IPN<\/strong><\/p>\n\n\n\n<p>Marek Kuchcinski, n. Nato il 9 agosto 1955 a Przemy\u015bl. Si \u00e8 laureato presso I LO im. Juliusz S\u0142owacki l\u00ec (1974). 1974-1977 studente presso l&#039;Universit\u00e0 Cattolica <\/p>\n\n\n\n<p><a href=\"https:\/\/encysol.pl\/es\/encyklopedia\/biogramy\/17095,Kuchcinski-Marek.html\">https:\/\/encysol.pl\/es\/encyklopedia\/biogramy\/17095,Kuchcinski-Marek.html<\/a><\/p>\n\n\n\n<p><\/p>\n\n\n\n<p>.<\/p>\n<\/div><\/div>\n\n\n\n<p>.<\/p>\n\n\n\n<p><em>(Frammenti del libro in preparazione per la stampa)<\/em><\/p>\n\n\n\n<p><strong><em>JAN DRAUS, DARIUSZ IWANECZKO<\/em><\/strong><\/p>\n\n\n\n<p><strong><em>Da Przemy\u015bl alla grande politica<\/em><\/strong>.  <strong><em>Biografia politica di Marek Kuchci\u0144ski Przemy\u015bl 2021<\/em><\/strong><em> <\/em><\/p>\n\n\n\n<p><strong><em>Revisori: prof. dottor hab. Waldemar Paruch, prof. dottor hab. Ryszard Terlecki, dr hab. Maciej Szymanowski<\/em><\/strong><\/p>\n\n\n\n<p><\/p>\n\n\n\n<p>.<\/p>\n\n\n\n<p><strong><em>Capitolo II<\/em><\/strong><\/p>\n\n\n\n<p><strong><em>Contro il regime comunista (1980-1989)<\/em><\/strong><\/p>\n\n\n\n<p><strong><em>1. Attivit\u00e0 di opposizione<\/em><\/strong><\/p>\n\n\n\n<p>.<\/p>\n\n\n\n<p><em>(\u2026)\u201c\u2026Grazie alla gestione di una fattoria orticola, Kuchci\u0144ski \u00e8 stato coinvolto nella creazione e poi nelle attivit\u00e0 di Rural Solidarity. Il primo incontro, che ha avviato la creazione della &quot;Solidariet\u00e0&quot; dei singoli agricoltori NSZZ, si \u00e8 svolto presso la sede dell&#039;Associazione &quot;Pax&quot; a Przemy\u015bl il 15 settembre 1980. Vi hanno partecipato quasi 30 persone, tra cui Zdzis\u0142aw Malawski, Maciej Ma\u0142agowski, Andrzej Mo\u0142o\u0144, Wit Siwiec, Jerzy Bonarek e Marek Kuchci\u0144ski. Ulteriori incontri si sono svolti presso la sede della Solidariet\u00e0 sul Ponte di Pietra, e poi, a cavallo tra novembre e dicembre, presso il club PSM-WSS &quot;Spo\u0142em&quot; in ul. Wincenty Pstrowski (ora Vescovo Jakub Glazer). Erano presenti Jan Ku\u0142aj (1958\u20132020), in seguito presidente dell&#039;NSZZ RI &quot;S&quot;, Stanis\u0142aw Pajda e Jan Karu\u015b. Gli incontri di fondazione delle strutture della Solidariet\u00e0 Rurale sono stati organizzati da Kuchci\u0144ski insieme a Jerzy Bonarek. Sono stati tenuti ad es. a Ostr\u00f3w vicino a Przemy\u015bl, a \u0141\u0119townia, Nehrybka e Hermanowice. Successivamente, Jerzy Bonarek ha preso parte agli scioperi a Ustrzyki e Rzesz\u00f3w. Marek Kuchci\u0144ski ha sostenuto gli scioperi, perch\u00e9 - come ricorda - nella stagione invernale e primaverile si \u00e8 dedicato al giardinaggio (produzione precoce di ortaggi accelerati), che richiedeva una presenza costante a Przemy\u015bl. Jerzy Bonarek, un amico di Kuchci\u0144ski, gestiva anche un&#039;azienda agricola di famiglia insieme a suo padre, nella porta accanto\u2026\u201d(\u2026)<\/em><\/p>\n\n\n\n<figure class=\"wp-block-gallery has-nested-images columns-default is-cropped wp-block-gallery-1 is-layout-flex wp-block-gallery-is-layout-flex\">\n<figure class=\"wp-block-image size-large\"><a href=\"https:\/\/archiwumwolnosci.pl\/wp-content\/uploads\/2022\/10\/IPN-1983-1-notatka-sluzbowa-1.jpg\"><img decoding=\"async\" width=\"768\" height=\"1024\" data-id=\"3262\" src=\"https:\/\/archiwumwolnosci.pl\/wp-content\/uploads\/2022\/10\/IPN-1983-1-notatka-sluzbowa-1-768x1024.jpg\" alt=\"\" class=\"wp-image-3262\" srcset=\"https:\/\/archiwumwolnosci.pl\/wp-content\/uploads\/2022\/10\/IPN-1983-1-notatka-sluzbowa-1-768x1024.jpg 768w, https:\/\/archiwumwolnosci.pl\/wp-content\/uploads\/2022\/10\/IPN-1983-1-notatka-sluzbowa-1-225x300.jpg 225w, https:\/\/archiwumwolnosci.pl\/wp-content\/uploads\/2022\/10\/IPN-1983-1-notatka-sluzbowa-1.jpg 1050w\" sizes=\"(max-width: 768px) 100vw, 768px\" \/><\/a><\/figure>\n\n\n\n<figure class=\"wp-block-image size-large\"><a href=\"https:\/\/archiwumwolnosci.pl\/wp-content\/uploads\/2022\/10\/IPN-1983-str-2-naotatka-sluzb.-1.jpg\"><img decoding=\"async\" width=\"768\" height=\"1024\" data-id=\"3261\" src=\"https:\/\/archiwumwolnosci.pl\/wp-content\/uploads\/2022\/10\/IPN-1983-str-2-naotatka-sluzb.-1-768x1024.jpg\" alt=\"\" class=\"wp-image-3261\" srcset=\"https:\/\/archiwumwolnosci.pl\/wp-content\/uploads\/2022\/10\/IPN-1983-str-2-naotatka-sluzb.-1-768x1024.jpg 768w, https:\/\/archiwumwolnosci.pl\/wp-content\/uploads\/2022\/10\/IPN-1983-str-2-naotatka-sluzb.-1-225x300.jpg 225w, https:\/\/archiwumwolnosci.pl\/wp-content\/uploads\/2022\/10\/IPN-1983-str-2-naotatka-sluzb.-1.jpg 1050w\" sizes=\"(max-width: 768px) 100vw, 768px\" \/><\/a><\/figure>\n<\/figure>\n\n\n\n<p>.<\/p>\n\n\n\n<p><em>\u201c(\u2026) Nella diocesi di Przemy\u015bl la cura pastorale dei contadini era massimamente attiva, sebbene anche gli attivisti dell&#039;opposizione delle citt\u00e0 si incontrassero nell&#039;ambito dei ritiri organizzati da questi circoli. Questa forma di attivit\u00e0 \u00e8 stata avviata dal Ministero degli Agricoltori (RD) di Krasiczyn, fondato alla fine del 1982, il cui iniziatore e animatore \u00e8 stato p. Stanislaw Bartminski. Il primo ritiro DR a Krasiczyn ebbe luogo dall&#039;8 al 12 dicembre 1982. Vi parteciparono 45 attivisti dell&#039;opposizione di dieci diocesi di tutta la Polonia. Il loro arrivo \u00e8 stato organizzato da Wie\u0144czys\u0142aw Nowacki e Marek Kuchci\u0144ski. I partecipanti a questo incontro hanno inviato una lettera speciale al Santo Padre Giovanni Paolo II con informazioni sull&#039;istituzione del primo Ministero degli Agricoltori in Polonia. Una copia di questa lettera \u00e8 in possesso di p. Bartminski. Dal voivodato di Przemy\u015bl, alle riunioni mensili a Krasiczyn partecipavano pi\u00f9 spesso, tra gli altri, Jan Karu\u015b, Augustyn Czubocha, Henryk Cz\u0105stka e Marek Kuchci\u0144ski. Le riunioni della DR a Krasiczyn sono state osservate dalle autorit\u00e0 comuniste, che le consideravano attivit\u00e0 di opposizione. Il 5 marzo 1983, persone che tornavano da un incontro con p. dott. Kazimierz Ryczan (1939\u20132017), allora docente all&#039;Universit\u00e0 cattolica di Lublino, \u00e8 stato portato fuori dall&#039;autobus e arrestato, quindi interrogato. Marek Kuchci\u0144ski \u00e8 stato detenuto nel centro di detenzione in ul. 1 Maja 26, sul cd buca per 24 ore.<\/em><\/p>\n\n\n\n<p><em>Le cappellanie, oltre alla loro fondamentale funzione formativa, hanno svolto un ruolo estremamente importante come luogo di incontro e scambio di idee. Su di loro si sono incentrate anche attivit\u00e0 di aiuto, come la grande campagna \u201cVillage to the City\u201d. Kuchci\u0144ski rifer\u00ec anni dopo: \u201cIn Slesia, abbiamo collaborato con il Comitato di aiuto agli internati, in cui, tra gli altri, La signora Maria Klimowicz (1941\u20131995), sorella di p. Stanislao. Ci\u00f2 significava che insieme a p. Bartmi\u0144ski, ho visitato le parrocchie, abbiamo concordato con i singoli parroci che in quel giorno ci sarebbe stata una raccolta di cibo: patate, carote, barbabietole, farina, qualunque cosa avesse la gente. Poi abbiamo organizzato il trasporto e poi abbiamo viaggiato con Jurek Bonarek e il defunto. Andrzej Tumidajski in vari luoghi, ad esempio a Zapa\u0142\u00f3w vicino a Jaros\u0142aw, o anche nelle vicinanze di Jas\u0142o; abbiamo caricato il cibo sul camion e siamo andati in Slesia, dove \u00e8 stato scaricato in un luogo adatto, di solito in una parrocchia\u201d.<\/em><\/p>\n\n\n\n<p><em>Il vescovo Ignacy Tokarczuk (1918\u20132012), grande sostenitore e promotore della creazione di ministeri comunitari, si \u00e8 spinto ancora oltre quando nel 1984 ha incoraggiato la creazione di una &quot;banca di persone di buona volont\u00e0&quot; che fornisse aiuto materiale, medico e culturale a tutti quelli bisognosi. Stimolando l&#039;attivit\u00e0 sociale, l&#039;Ordinario di Przemy\u015bl ha incoraggiato tale attivit\u00e0 che avrebbe portato una via d&#039;uscita dalla crisi e un rinnovamento morale e politico. Ha paragonato i 40 anni della Repubblica Popolare di Polonia alla permanenza di Cristo nel deserto. Tali tesi erano in linea con la filosofia della &quot;lunga marcia&quot;. Incoraggiare la societ\u00e0 ad agire in modo indipendente non \u00e8 stato vantaggioso dal punto di vista delle autorit\u00e0 e del loro apparato di sicurezza. Le cappellanie contadine sono state percepite dalle autorit\u00e0 come una minaccia perch\u00e9 &quot;si tratta di una struttura destinata a rimuovere o sostituire la struttura organizzativa esistente nelle campagne&quot;. La cappellania \u00e8 stata trattata su un piano di parit\u00e0 con le attivit\u00e0 di opposizione. Quindi, ovunque siano stati creati, il servizio di sicurezza ha assunto questioni orientate agli oggetti. Nel Voivodato di Rzesz\u00f3w, le cappellanie agricole erano sotto controllo nell&#039;ambito del caso istituito nel febbraio 1984, nome in codice Shepherd. \u00c8 stato completato solo il 20 ottobre 1989.<\/em><\/p>\n\n\n\n<p><em>L&#039;esempio della pastorale a Krasiczyn si \u00e8 irradiato in altre parrocchie. Nel febbraio 1984, un gruppo di parrocchiani di Stubno rifer\u00ec al loro parroco di voler organizzare uno studio sull&#039;insegnamento sociale della Chiesa come parte di DR. Tale iniziativa \u00e8 stata contrastata dall&#039;OdV. Secondo le autorit\u00e0, l&#039;iniziativa di organizzare DR \u00e8 venuta dal vescovo di Przemy\u015bl. Si credeva che non solo avesse ispirato, ma avesse anche dato ordini al riguardo, come nel caso di DR a Jaros\u0142aw. Nel Voivodato di Przemy\u015bl, anche DR \u00e8 stata fondata a Zarzecze. Fr. Bartmi\u0144ski, che si \u00e8 recato in varie parrocchie, dove ha dato consigli su come organizzare il lavoro ambientale. Il 1 febbraio 1984, ha incoraggiato i parrocchiani di Lutcza a creare DR. Durante il suo intervento, ha delineato l&#039;obiettivo dell&#039;attivit\u00e0 di DR, che \u00e8 quello di stimolare i contadini e le loro famiglie a conoscere la loro storia nativa ed educarli al rispetto della terra, affinch\u00e9 possano difenderla dallo sfruttamento e dall&#039;oppressione. A Przemy\u015bl, il 27 maggio 1985, il IV dipartimento del WUSW ha istituito un caso con il nome in codice Comunit\u00e0, riguardante la &quot;secolare attivit\u00e0 pastorale contadina&quot;. Come riferito dal capo del Reparto VI WUSW, Cap. Micha\u0142 Buczkowski, nel gennaio 1986, l&#039;SB di Przemy\u015bl aveva nove collaboratori segreti in questo caso. Un anno dopo, il Dipartimento VI aveva gi\u00e0 37 TW. Il funzionario competente, Cap. M. Tabisz includeva tra gli attivisti DR attivi: Jan Karu\u015b, Henryk Cz\u0105stka, Waldemar Miko\u0142owicz (1938\u20132017), Jerzy Bonarek, Marek Kuchci\u0144ski, Stanis\u0142aw Diabin (1950\u20132006), Jaros\u0142aw \u015aliwi\u0144ski, Mieczys\u0142aw Stopyra (1932\u20132014)33 , Tadeusz Trelka, Augustyn Czubocha e W\u0142adys\u0142aw Balicki. Dopo che Tabisz lasci\u00f2 il servizio di sicurezza nel 1986, il tenente Jan Olchowy si occup\u00f2 del caso. (\u2026)\u201d<\/em><\/p>\n\n\n\n<div data-wp-interactive=\"core\/file\" class=\"wp-block-file\"><object data-wp-bind--hidden=\"!state.hasPdfPreview\"  class=\"wp-block-file__embed\" data=\"https:\/\/archiwumwolnosci.pl\/wp-content\/uploads\/2022\/11\/11zon_JPEG-to-PDF-1.pdf\" type=\"application\/pdf\" style=\"width:100%;height:600px\" aria-label=\"Incorporamento di 11zon_JPEG-to-PDF-1.\"><\/object><a id=\"wp-block-file--media-08d426cf-270d-444b-90fe-6833266a241b\" href=\"https:\/\/archiwumwolnosci.pl\/wp-content\/uploads\/2022\/11\/11zon_JPEG-to-PDF-1.pdf\">11zon_JPEG-to-PDF-1<\/a><a href=\"https:\/\/archiwumwolnosci.pl\/wp-content\/uploads\/2022\/11\/11zon_JPEG-to-PDF-1.pdf\" class=\"wp-block-file__button wp-element-button\" download aria-describedby=\"wp-block-file--media-08d426cf-270d-444b-90fe-6833266a241b\">Scaricare<\/a><\/div>\n\n\n\n<figure class=\"wp-block-gallery has-nested-images columns-default is-cropped wp-block-gallery-2 is-layout-flex wp-block-gallery-is-layout-flex\">\n<figure class=\"wp-block-image size-large\"><a href=\"https:\/\/archiwumwolnosci.pl\/wp-content\/uploads\/2022\/10\/IPN-I-4-pierwsza-z-3.jpg\"><img loading=\"lazy\" decoding=\"async\" width=\"768\" height=\"1024\" data-id=\"3275\" src=\"https:\/\/archiwumwolnosci.pl\/wp-content\/uploads\/2022\/10\/IPN-I-4-pierwsza-z-3-768x1024.jpg\" alt=\"\" class=\"wp-image-3275\" srcset=\"https:\/\/archiwumwolnosci.pl\/wp-content\/uploads\/2022\/10\/IPN-I-4-pierwsza-z-3-768x1024.jpg 768w, https:\/\/archiwumwolnosci.pl\/wp-content\/uploads\/2022\/10\/IPN-I-4-pierwsza-z-3-225x300.jpg 225w, https:\/\/archiwumwolnosci.pl\/wp-content\/uploads\/2022\/10\/IPN-I-4-pierwsza-z-3.jpg 1050w\" sizes=\"(max-width: 768px) 100vw, 768px\" \/><\/a><\/figure>\n\n\n\n<figure class=\"wp-block-image size-large\"><a href=\"https:\/\/archiwumwolnosci.pl\/wp-content\/uploads\/2022\/10\/IPN-I-4-druga-z-trzech-1.jpg\"><img loading=\"lazy\" decoding=\"async\" width=\"768\" height=\"1024\" data-id=\"3274\" src=\"https:\/\/archiwumwolnosci.pl\/wp-content\/uploads\/2022\/10\/IPN-I-4-druga-z-trzech-1-768x1024.jpg\" alt=\"\" class=\"wp-image-3274\" srcset=\"https:\/\/archiwumwolnosci.pl\/wp-content\/uploads\/2022\/10\/IPN-I-4-druga-z-trzech-1-768x1024.jpg 768w, https:\/\/archiwumwolnosci.pl\/wp-content\/uploads\/2022\/10\/IPN-I-4-druga-z-trzech-1-225x300.jpg 225w, https:\/\/archiwumwolnosci.pl\/wp-content\/uploads\/2022\/10\/IPN-I-4-druga-z-trzech-1.jpg 1050w\" sizes=\"(max-width: 768px) 100vw, 768px\" \/><\/a><\/figure>\n\n\n\n<figure class=\"wp-block-image size-large\"><a href=\"https:\/\/archiwumwolnosci.pl\/wp-content\/uploads\/2022\/10\/IPN-I-4-trzecia-z-trzech-1.jpg\"><img loading=\"lazy\" decoding=\"async\" width=\"768\" height=\"1024\" data-id=\"3276\" src=\"https:\/\/archiwumwolnosci.pl\/wp-content\/uploads\/2022\/10\/IPN-I-4-trzecia-z-trzech-1-768x1024.jpg\" alt=\"\" class=\"wp-image-3276\" srcset=\"https:\/\/archiwumwolnosci.pl\/wp-content\/uploads\/2022\/10\/IPN-I-4-trzecia-z-trzech-1-768x1024.jpg 768w, https:\/\/archiwumwolnosci.pl\/wp-content\/uploads\/2022\/10\/IPN-I-4-trzecia-z-trzech-1-225x300.jpg 225w, https:\/\/archiwumwolnosci.pl\/wp-content\/uploads\/2022\/10\/IPN-I-4-trzecia-z-trzech-1.jpg 1050w\" sizes=\"(max-width: 768px) 100vw, 768px\" \/><\/a><\/figure>\n<\/figure>\n\n\n\n<figure class=\"wp-block-gallery has-nested-images columns-default is-cropped wp-block-gallery-3 is-layout-flex wp-block-gallery-is-layout-flex\">\n<figure class=\"wp-block-image size-large\"><a href=\"https:\/\/archiwumwolnosci.pl\/wp-content\/uploads\/2022\/10\/IPN-I5-pierwsza-z-2-1.jpg\"><img loading=\"lazy\" decoding=\"async\" width=\"768\" height=\"1024\" data-id=\"3288\" src=\"https:\/\/archiwumwolnosci.pl\/wp-content\/uploads\/2022\/10\/IPN-I5-pierwsza-z-2-1-768x1024.jpg\" alt=\"\" class=\"wp-image-3288\" srcset=\"https:\/\/archiwumwolnosci.pl\/wp-content\/uploads\/2022\/10\/IPN-I5-pierwsza-z-2-1-768x1024.jpg 768w, https:\/\/archiwumwolnosci.pl\/wp-content\/uploads\/2022\/10\/IPN-I5-pierwsza-z-2-1-225x300.jpg 225w, https:\/\/archiwumwolnosci.pl\/wp-content\/uploads\/2022\/10\/IPN-I5-pierwsza-z-2-1.jpg 1050w\" sizes=\"(max-width: 768px) 100vw, 768px\" \/><\/a><\/figure>\n\n\n\n<figure class=\"wp-block-image size-large\"><a href=\"https:\/\/archiwumwolnosci.pl\/wp-content\/uploads\/2022\/10\/IPN-I-5-druga-z-2-1.jpg\"><img loading=\"lazy\" decoding=\"async\" width=\"768\" height=\"1024\" data-id=\"3289\" src=\"https:\/\/archiwumwolnosci.pl\/wp-content\/uploads\/2022\/10\/IPN-I-5-druga-z-2-1-768x1024.jpg\" alt=\"\" class=\"wp-image-3289\" srcset=\"https:\/\/archiwumwolnosci.pl\/wp-content\/uploads\/2022\/10\/IPN-I-5-druga-z-2-1-768x1024.jpg 768w, https:\/\/archiwumwolnosci.pl\/wp-content\/uploads\/2022\/10\/IPN-I-5-druga-z-2-1-225x300.jpg 225w, https:\/\/archiwumwolnosci.pl\/wp-content\/uploads\/2022\/10\/IPN-I-5-druga-z-2-1.jpg 1050w\" sizes=\"(max-width: 768px) 100vw, 768px\" \/><\/a><\/figure>\n<\/figure>\n\n\n\n<p><strong><em>&nbsp;&nbsp;&nbsp;&nbsp;&nbsp;&nbsp;&nbsp;&nbsp;&nbsp;&nbsp;&nbsp;&nbsp;&nbsp;&nbsp;&nbsp;&nbsp;&nbsp;&nbsp;&nbsp;&nbsp;&nbsp;&nbsp;&nbsp;&nbsp;&nbsp;&nbsp;&nbsp;&nbsp;&nbsp;&nbsp;&nbsp;&nbsp;&nbsp;&nbsp; &nbsp;&nbsp;&nbsp;&nbsp;&nbsp;&nbsp;&nbsp;&nbsp;&nbsp;&nbsp;<\/em><\/strong><\/p>\n\n\n\n<p><\/p>\n\n\n\n<p><em>(\u2026)\u201c\u2026Il capo dell&#039;OdV presso il Ministero dell&#039;Interno, Magg. Gen. Il 17 agosto 1985, W\u0142adys\u0142aw Ciesze\u0144 eman\u00f2 la &quot;Decisione&quot; in cui ordinava l&#039;adozione di misure attive contro le strutture sotterranee in tutta la Polonia. Il motivo principale per l&#039;attivazione dell&#039;SB \u00e8 stata la campagna elettorale in corso per il Sejm. L&#039;attuazione della decisione di Cieszan\u00f3w fu duramente avvertita dalla clandestinit\u00e0 di Przemy\u015bl, le cui attivit\u00e0 furono brevemente disorganizzate. Il 26 settembre, il servizio di sicurezza ha stabilito che il gruppo di persone che avrebbe distribuito volantini chiedendo il boicottaggio delle elezioni comprendeva: Stanis\u0142aw Baran (1947\u20132016), Andrzej Kucharski, Jan Ekiert, Edward Wa\u0144czak (1946\u2013?), Marek Kami\u0144ski e Marek Kuchci\u0144ski. Il 27 settembre sono state effettuate perquisizioni e sono state scoperte quantit\u00e0 significative di volantini e letteratura non addebitata. A Marek Kuchci\u0144ski, in ul. Wegierska, alle 6.40 del mattino sono comparsi cinque ufficiali SB, tra cui Zdzislaw Gancarz e Boguslaw Kozek. Perquisiti anche gli appartamenti di altri attivisti. Kami\u0144ski (RKW), Kuchci\u0144ski (OKOR) e Kucharski sono stati arrestati.<\/em><\/p>\n\n\n\n<p><em>Copie della matrice del duplicatore sono state trovate anche da Kaminski. Kuchci\u0144ski \u00e8 stato sequestrato con copie di pubblicazioni clandestine e una macchina da scrivere Hebros, che gli \u00e8 stata successivamente restituita. Oltre a pubblicazioni di libri e volumi di poesie (tra cui Zbigniew Herbert&#039;s Report from the Besieged City e Julian Kornhauser) nonch\u00e9 cassette e copie di &quot;Compass&quot;, Kuchci\u0144ski ha interrogato scatole di cartone con la scritta: &quot;Ospite, sentiti al sicuro, non c&#039;\u00e8 socialismo in questa casa, PRL inizia dietro il recinto. Kami\u0144ski e Kuchci\u0144ski sono stati posti in custodia cautelare. Tutti si sono rifiutati di testimoniare. Anche l&#039;interrogato Stanis\u0142aw Baran non ha incriminato nessuno con la sua testimonianza. Informazioni sull&#039;arresto di questi attivisti sono state annunciate nelle chiese di Przemy\u015bl, dove la gente ha pregato per il loro rilascio. Le loro famiglie erano circondate da cure e aiuti materiali.<\/em><\/p>\n\n\n\n<p><em>Kuchci\u0144ski fu imprigionato a Jaros\u0142aw. L\u00ec ha rifiutato i pasti, cosa che ha spiegato con la dieta epatica. Allo stesso tempo, Wie\u0144czys\u0142aw Nowacki \u00e8 stato arrestato, anch&#039;egli imprigionato a Jaros\u0142aw, dove ha annunciato uno sciopero della fame di 42 giorni. L&#039;indagine, commissionata dalla Procura provinciale, \u00e8 stata condotta da J\u00f3zef Piechota, mentre la difesa dell&#039;imputato \u00e8 stata intrapresa dagli avvocati Jan Ho\u0142ysz (1954\u20132018) e Andrzej Matusiewicz. Infine, il 22 novembre, entrambi gli imputati sono stati rilasciati dalla custodia. L&#039;indagine contro Kucharski \u00e8 stata interrotta per mancanza di prove sufficienti di colpevolezza. Il 12 febbraio 1986, il pubblico ministero ha presentato un atto d&#039;accusa contro Kami\u0144ski e Kuchci\u0144ski. Gli altri due imputati hanno rifiutato di partecipare alle udienze. Infine, il 10 ottobre 1986 la Corte distrettuale di Przemy\u015bl sospese i procedimenti. Kami\u0144ski e Kuchci\u0144ski hanno dichiarato che non sarebbero tornati sulla via delle attivit\u00e0 proibite dalla legge. Certamente, l&#039;arresto e il procedimento in corso contro uno dei membri della direzione di RKW Przemy\u015bl, nonch\u00e9 contro uno dei dirigenti dell&#039;OKOR di Przemy\u015bl, hanno contribuito alla disorganizzazione delle attivit\u00e0 di opposizione, oltre a far temere che sarebbero seguiti ulteriori arresti . Sebbene le attivit\u00e0 delle strutture sotterranee di Przemy\u015bl siano rallentate, sia Kuchci\u0144ski che Kami\u0144ski non hanno rinunciato alla loro attivit\u00e0 sotterranea\u2026\u201d<\/em><\/p>\n\n\n\n<figure class=\"wp-block-gallery has-nested-images columns-default is-cropped wp-block-gallery-4 is-layout-flex wp-block-gallery-is-layout-flex\">\n<figure class=\"wp-block-image size-large\"><a href=\"https:\/\/archiwumwolnosci.pl\/wp-content\/uploads\/2022\/11\/IP-1.jpg\"><img loading=\"lazy\" decoding=\"async\" width=\"724\" height=\"1024\" data-id=\"4317\" src=\"https:\/\/archiwumwolnosci.pl\/wp-content\/uploads\/2022\/11\/IP-1-724x1024.jpg\" alt=\"\" class=\"wp-image-4317\" srcset=\"https:\/\/archiwumwolnosci.pl\/wp-content\/uploads\/2022\/11\/IP-1-724x1024.jpg 724w, https:\/\/archiwumwolnosci.pl\/wp-content\/uploads\/2022\/11\/IP-1-212x300.jpg 212w, https:\/\/archiwumwolnosci.pl\/wp-content\/uploads\/2022\/11\/IP-1-768x1086.jpg 768w, https:\/\/archiwumwolnosci.pl\/wp-content\/uploads\/2022\/11\/IP-1.jpg 990w\" sizes=\"(max-width: 724px) 100vw, 724px\" \/><\/a><\/figure>\n\n\n\n<figure class=\"wp-block-image size-large\"><a href=\"https:\/\/archiwumwolnosci.pl\/wp-content\/uploads\/2022\/11\/IP-2.jpg\"><img loading=\"lazy\" decoding=\"async\" width=\"727\" height=\"1024\" data-id=\"4316\" src=\"https:\/\/archiwumwolnosci.pl\/wp-content\/uploads\/2022\/11\/IP-2-727x1024.jpg\" alt=\"\" class=\"wp-image-4316\" srcset=\"https:\/\/archiwumwolnosci.pl\/wp-content\/uploads\/2022\/11\/IP-2-727x1024.jpg 727w, https:\/\/archiwumwolnosci.pl\/wp-content\/uploads\/2022\/11\/IP-2-213x300.jpg 213w, https:\/\/archiwumwolnosci.pl\/wp-content\/uploads\/2022\/11\/IP-2-768x1082.jpg 768w, https:\/\/archiwumwolnosci.pl\/wp-content\/uploads\/2022\/11\/IP-2.jpg 994w\" sizes=\"(max-width: 727px) 100vw, 727px\" \/><\/a><\/figure>\n<\/figure>\n\n\n\n<div data-wp-interactive=\"core\/file\" class=\"wp-block-file\"><object data-wp-bind--hidden=\"!state.hasPdfPreview\"  class=\"wp-block-file__embed\" data=\"https:\/\/archiwumwolnosci.pl\/wp-content\/uploads\/2022\/11\/IPN-I7-min-1.pdf\" type=\"application\/pdf\" style=\"width:100%;height:440px\" aria-label=\"Incorporamento di IPN-I7-min-1.\"><\/object><a id=\"wp-block-file--media-d7f4c76d-0386-4673-8527-cbd01cc32527\" href=\"https:\/\/archiwumwolnosci.pl\/wp-content\/uploads\/2022\/11\/IPN-I7-min-1.pdf\">IPN-I7-min-1<\/a><a href=\"https:\/\/archiwumwolnosci.pl\/wp-content\/uploads\/2022\/11\/IPN-I7-min-1.pdf\" class=\"wp-block-file__button wp-element-button\" download aria-describedby=\"wp-block-file--media-d7f4c76d-0386-4673-8527-cbd01cc32527\">Scaricare<\/a><\/div>\n\n\n\n<div data-wp-interactive=\"core\/file\" class=\"wp-block-file\"><object data-wp-bind--hidden=\"!state.hasPdfPreview\"  class=\"wp-block-file__embed\" data=\"https:\/\/archiwumwolnosci.pl\/wp-content\/uploads\/2022\/11\/MK-I-7.pdf\" type=\"application\/pdf\" style=\"width:100%;height:600px\" aria-label=\"Incorporamento di MK-I-7.\"><\/object><a id=\"wp-block-file--media-23c7082d-60b7-4073-b77c-0aa72fd93c19\" href=\"https:\/\/archiwumwolnosci.pl\/wp-content\/uploads\/2022\/11\/MK-I-7.pdf\">MK-I-7<\/a><a href=\"https:\/\/archiwumwolnosci.pl\/wp-content\/uploads\/2022\/11\/MK-I-7.pdf\" class=\"wp-block-file__button wp-element-button\" download aria-describedby=\"wp-block-file--media-23c7082d-60b7-4073-b77c-0aa72fd93c19\">Scaricare<\/a><\/div>\n\n\n\n<figure class=\"wp-block-gallery has-nested-images columns-default is-cropped wp-block-gallery-5 is-layout-flex wp-block-gallery-is-layout-flex\">\n<figure class=\"wp-block-image size-large\"><a href=\"https:\/\/archiwumwolnosci.pl\/wp-content\/uploads\/2022\/11\/IPN-I-10.jpg\"><img loading=\"lazy\" decoding=\"async\" width=\"727\" height=\"1024\" data-id=\"3761\" src=\"https:\/\/archiwumwolnosci.pl\/wp-content\/uploads\/2022\/11\/IPN-I-10-727x1024.jpg\" alt=\"\" class=\"wp-image-3761\" srcset=\"https:\/\/archiwumwolnosci.pl\/wp-content\/uploads\/2022\/11\/IPN-I-10-727x1024.jpg 727w, https:\/\/archiwumwolnosci.pl\/wp-content\/uploads\/2022\/11\/IPN-I-10-213x300.jpg 213w, https:\/\/archiwumwolnosci.pl\/wp-content\/uploads\/2022\/11\/IPN-I-10-768x1082.jpg 768w, https:\/\/archiwumwolnosci.pl\/wp-content\/uploads\/2022\/11\/IPN-I-10.jpg 994w\" sizes=\"(max-width: 727px) 100vw, 727px\" \/><\/a><\/figure>\n<\/figure>\n\n\n\n<p><em>&nbsp;&nbsp;&nbsp;&nbsp;&nbsp;&nbsp;&nbsp;&nbsp;&nbsp;&nbsp;&nbsp;&nbsp;&nbsp;&nbsp;&nbsp;&nbsp;&nbsp;&nbsp;&nbsp;&nbsp;&nbsp;&nbsp;&nbsp;&nbsp;&nbsp;&nbsp;&nbsp;&nbsp;&nbsp;&nbsp;&nbsp;&nbsp;&nbsp;&nbsp;&nbsp;&nbsp;&nbsp;&nbsp;&nbsp;&nbsp;&nbsp;&nbsp;&nbsp;&nbsp;&nbsp;&nbsp;&nbsp;<\/em><\/p>\n\n\n\n<p><strong><em>4. Comitato Civico<\/em><\/strong><\/p>\n\n\n\n<p><\/p>\n\n\n\n<p><em>(\u2026)\u201dDopo i colloqui della tavola rotonda conclusi il 5 aprile 1989, uno dei risultati chiave dei quali \u00e8 stata la decisione di tenere elezioni parzialmente libere per il Sejm e il Senato, la parte dell&#039;opposizione ha avviato intense attivit\u00e0. Ancor prima dell&#039;inizio dei colloqui della tavola rotonda, il 18 dicembre 1988, fu istituito un Comitato dei cittadini sotto la presidenza dell&#039;NSZZ &quot;Solidarno\u015b\u0107&quot;, Lech Wa\u0142\u0119sa.<\/em><\/p>\n\n\n\n<p><em>Il 15 aprile 1989 a Przemy\u015bl \u00e8 stato costituito il Comitato civico &quot;S&quot;, il cui compito era selezionare i candidati per il parlamento e condurre la campagna elettorale. \u00c8 stato nominato da due dirigenti delle strutture della Solidariet\u00e0: quella operaia - Marek Kami\u0144ski e quella agricola - Jan Karus. All&#039;inizio il KO provinciale contava 26 membri. Dopo pochi giorni \u00e8 salito a 45. Stanis\u0142aw \u017b\u00f3\u0142kiewicz (1935\u20132019) ne \u00e8 diventato il presidente.<\/em><\/p>\n\n\n\n<p><em>Marek Kuchci\u0144ski, godendo di grande fiducia, si \u00e8 unito al KO e dopo le dimissioni di Jacek Mleczko, durante la campagna elettorale, ha assunto la carica di portavoce. Anche suo padre, Zbigniew Kuchci\u0144ski, si un\u00ec a KO &quot;S&quot; a Przemy\u015bl, godendo di grande rispetto tra i vari circoli di Przemy\u015bl. (...)\u201d<\/em><\/p>\n\n\n\n<p><em>&nbsp;&nbsp;&nbsp;&nbsp; <\/em>.<\/p>\n\n\n\n<div data-wp-interactive=\"core\/file\" class=\"wp-block-file\"><object data-wp-bind--hidden=\"!state.hasPdfPreview\"  class=\"wp-block-file__embed\" data=\"https:\/\/archiwumwolnosci.pl\/wp-content\/uploads\/2022\/11\/11zon_JPEG-to-PDF-1-1.pdf\" type=\"application\/pdf\" style=\"width:100%;height:600px\" aria-label=\"Incorporamento di 11zon_JPEG-to-PDF-1-1.\"><\/object><a id=\"wp-block-file--media-768d02c9-27f2-4821-8a97-b5cbfd160469\" href=\"https:\/\/archiwumwolnosci.pl\/wp-content\/uploads\/2022\/11\/11zon_JPEG-to-PDF-1-1.pdf\">11zon_JPEG-to-PDF-1-1<\/a><a href=\"https:\/\/archiwumwolnosci.pl\/wp-content\/uploads\/2022\/11\/11zon_JPEG-to-PDF-1-1.pdf\" class=\"wp-block-file__button wp-element-button\" download aria-describedby=\"wp-block-file--media-768d02c9-27f2-4821-8a97-b5cbfd160469\">Scaricare<\/a><\/div>\n\n\n\n<div data-wp-interactive=\"core\/file\" class=\"wp-block-file\"><object data-wp-bind--hidden=\"!state.hasPdfPreview\"  class=\"wp-block-file__embed\" data=\"https:\/\/archiwumwolnosci.pl\/wp-content\/uploads\/2022\/11\/11zon_JPEG-to-PDF-3.pdf\" type=\"application\/pdf\" style=\"width:100%;height:520px\" aria-label=\"Incorporamento di 11zon_JPEG-to-PDF-3.\"><\/object><a id=\"wp-block-file--media-6e1e730f-f7ed-4ab8-900a-cb39114f8126\" href=\"https:\/\/archiwumwolnosci.pl\/wp-content\/uploads\/2022\/11\/11zon_JPEG-to-PDF-3.pdf\">11zon_JPEG-to-PDF-3<\/a><a href=\"https:\/\/archiwumwolnosci.pl\/wp-content\/uploads\/2022\/11\/11zon_JPEG-to-PDF-3.pdf\" class=\"wp-block-file__button wp-element-button\" download aria-describedby=\"wp-block-file--media-6e1e730f-f7ed-4ab8-900a-cb39114f8126\">Scaricare<\/a><\/div>\n\n\n\n<p><em>\u201c(\u2026) Infine, Tadeusz Ulma (1923\u20131996) e Jan Musia\u0142 si candidarono per un seggio nel Voivodato di Przemy\u015bl, mentre Janusz Onyszkiewicz e Tadeusz Trelka si candidarono per un seggio nel Sejm.<\/em><\/p>\n\n\n\n<p><em>Condurre una campagna elettorale efficace \u00e8 diventata una priorit\u00e0. Marek Kuchci\u0144ski, in qualit\u00e0 di membro del KO e suo portavoce, \u00e8 stato una delle principali persone coinvolte nella campagna. Ha dato tutto il tempo a sua disposizione, ha messo a disposizione anche la sua macchina. Era il pi\u00f9 grande supporto per il segretario KO a tempo pieno Waldemar Wiglusz; de facto, entrambi svolgevano le funzioni di capo dell&#039;ufficio elettorale, situato nell&#039;attuale Plac Legion\u00f3w (\u2026).<\/em><\/p>\n\n\n\n<p><\/p>\n\n\n\n<p>.<\/p>\n\n\n\n<p><\/p>\n\n\n\n<p>.<\/p>\n\n\n\n<p><\/p>\n\n\n\n<figure class=\"wp-block-gallery has-nested-images columns-default is-cropped wp-block-gallery-6 is-layout-flex wp-block-gallery-is-layout-flex\">\n<figure class=\"wp-block-image size-large\"><a href=\"https:\/\/archiwumwolnosci.pl\/wp-content\/uploads\/2022\/10\/Komitet-Obywatelski-37-1.jpg\"><img loading=\"lazy\" decoding=\"async\" width=\"1024\" height=\"665\" data-id=\"3238\" src=\"https:\/\/archiwumwolnosci.pl\/wp-content\/uploads\/2022\/10\/Komitet-Obywatelski-37-1-1024x665.jpg\" alt=\"\" class=\"wp-image-3238\" srcset=\"https:\/\/archiwumwolnosci.pl\/wp-content\/uploads\/2022\/10\/Komitet-Obywatelski-37-1-1024x665.jpg 1024w, https:\/\/archiwumwolnosci.pl\/wp-content\/uploads\/2022\/10\/Komitet-Obywatelski-37-1-300x195.jpg 300w, https:\/\/archiwumwolnosci.pl\/wp-content\/uploads\/2022\/10\/Komitet-Obywatelski-37-1-768x499.jpg 768w, https:\/\/archiwumwolnosci.pl\/wp-content\/uploads\/2022\/10\/Komitet-Obywatelski-37-1.jpg 1400w\" sizes=\"(max-width: 1024px) 100vw, 1024px\" \/><\/a><\/figure>\n\n\n\n<figure class=\"wp-block-image size-large\"><a href=\"https:\/\/archiwumwolnosci.pl\/wp-content\/uploads\/2022\/10\/Komitet-Obywatelski-53-2.jpg\"><img loading=\"lazy\" decoding=\"async\" width=\"1024\" height=\"791\" data-id=\"3237\" src=\"https:\/\/archiwumwolnosci.pl\/wp-content\/uploads\/2022\/10\/Komitet-Obywatelski-53-2-1024x791.jpg\" alt=\"\" class=\"wp-image-3237\" srcset=\"https:\/\/archiwumwolnosci.pl\/wp-content\/uploads\/2022\/10\/Komitet-Obywatelski-53-2-1024x791.jpg 1024w, https:\/\/archiwumwolnosci.pl\/wp-content\/uploads\/2022\/10\/Komitet-Obywatelski-53-2-300x232.jpg 300w, https:\/\/archiwumwolnosci.pl\/wp-content\/uploads\/2022\/10\/Komitet-Obywatelski-53-2-768x593.jpg 768w, https:\/\/archiwumwolnosci.pl\/wp-content\/uploads\/2022\/10\/Komitet-Obywatelski-53-2.jpg 1377w\" sizes=\"(max-width: 1024px) 100vw, 1024px\" \/><\/a><\/figure>\n<\/figure>","protected":false},"excerpt":{"rendered":"<p>Z racji prowadzenia gospodarstwa ogrodniczego Kuchci\u0144ski zaanga\u017cowa\u0142 si\u0119 w tworzenie, a nast\u0119pnie dzia\u0142alno\u015b\u0107 Solidarno\u015bci Wiejskiej. Pierwsze spotkanie, inicjuj\u0105ce powstanie NSZZ Rolnik\u00f3w Indywidualnych \u201eSolidarno\u015b\u0107\u201d, odby\u0142o si\u0119 w przemyskiej siedzibie Stowarzyszenia \u201ePax\u201d 15 wrze\u015bnia 1980 r. Wzi\u0119\u0142o w nim udzia\u0142 blisko 30 os\u00f3b, w\u015br\u00f3d nich m.in. Zdzis\u0142aw Malawski, Maciej Ma\u0142agowski, Andrzej Mo\u0142o\u0144, Wit Siwiec, Jerzy Bonarek i Marek Kuchci\u0144ski. Do kolejnych spotka\u0144 dosz\u0142o w siedzibie Solidarno\u015bci na Kamiennym Mo\u015bcie, a nast\u0119pnie, na prze\u0142omie listopada i grudnia, w klubie PSM-WSS \u201eSpo\u0142em\u201d przy ul. Wincentego Pstrowskiego (obecnie bp. Jakuba Glazera). <\/p>","protected":false},"author":5,"featured_media":6054,"comment_status":"open","ping_status":"open","sticky":false,"template":"","format":"standard","meta":{"footnotes":""},"categories":[14],"tags":[],"_links":{"self":[{"href":"https:\/\/archiwumwolnosci.pl\/it\/wp-json\/wp\/v2\/posts\/2158"}],"collection":[{"href":"https:\/\/archiwumwolnosci.pl\/it\/wp-json\/wp\/v2\/posts"}],"about":[{"href":"https:\/\/archiwumwolnosci.pl\/it\/wp-json\/wp\/v2\/types\/post"}],"author":[{"embeddable":true,"href":"https:\/\/archiwumwolnosci.pl\/it\/wp-json\/wp\/v2\/users\/5"}],"replies":[{"embeddable":true,"href":"https:\/\/archiwumwolnosci.pl\/it\/wp-json\/wp\/v2\/comments?post=2158"}],"version-history":[{"count":44,"href":"https:\/\/archiwumwolnosci.pl\/it\/wp-json\/wp\/v2\/posts\/2158\/revisions"}],"predecessor-version":[{"id":5560,"href":"https:\/\/archiwumwolnosci.pl\/it\/wp-json\/wp\/v2\/posts\/2158\/revisions\/5560"}],"wp:featuredmedia":[{"embeddable":true,"href":"https:\/\/archiwumwolnosci.pl\/it\/wp-json\/wp\/v2\/media\/6054"}],"wp:attachment":[{"href":"https:\/\/archiwumwolnosci.pl\/it\/wp-json\/wp\/v2\/media?parent=2158"}],"wp:term":[{"taxonomy":"category","embeddable":true,"href":"https:\/\/archiwumwolnosci.pl\/it\/wp-json\/wp\/v2\/categories?post=2158"},{"taxonomy":"post_tag","embeddable":true,"href":"https:\/\/archiwumwolnosci.pl\/it\/wp-json\/wp\/v2\/tags?post=2158"}],"curies":[{"name":"wp","href":"https:\/\/api.w.org\/{rel}","templated":true}]}}