{"id":4015,"date":"2022-10-26T08:33:00","date_gmt":"2022-10-26T08:33:00","guid":{"rendered":"https:\/\/archiwumwolnosci.pl\/?p=4015"},"modified":"2023-04-03T10:27:37","modified_gmt":"2023-04-03T10:27:37","slug":"strych-kulturalny-pismo-literackie-i","status":"publish","type":"post","link":"https:\/\/archiwumwolnosci.pl\/de\/strych-kulturalny-pismo-literackie-i\/","title":{"rendered":"The Cultural Attic\" - eine Literaturzeitschrift und..."},"content":{"rendered":"<p><\/p>\n\n\n\n<p><\/p>\n\n\n\n<p>\"<strong>Kultureller Dachboden<\/strong> ist nicht nur der Name einer Literatur- und Kunstzeitschrift, sondern auch ein Treffpunkt f\u00fcr eine Gruppe von Freunden, die einen unabh\u00e4ngigen Kulturkreis bilden. Es handelt sich um ein angenommenes Dachgeschoss eines Einfamilienhauses, das mit Werken von K\u00fcnstlern, Gem\u00e4lden und B\u00fcchern gef\u00fcllt ist und von dem aus man die umliegenden H\u00fcgel sehen kann. Vor dem Haus befindet sich ein alter Obstgarten mit jahrzehntealten, ausladenden Apfelb\u00e4umen und einer ungem\u00e4hten Mehrblumenwiese. \u00dcberall gibt es viel Gr\u00fcn. Aus der Perspektive des Dachbodens betrachteten wir die uns umgebende Welt, ohne die Existenz des \"Untergrunds\" zu vergessen. Wir lebten also gewisserma\u00dfen dualistisch: Wir arbeiteten, k\u00fcmmerten uns um die allt\u00e4glichen Dinge nach kommunistischen Regeln, aber wir lebten geistig nebenher. Der Name des Magazins spielte auch auf das Erbe der Generationen an: verstaubt, irgendwo auf einem Dachboden, aber ohne das der Blick auf die Gemeinschaft ein unvollst\u00e4ndiger Blick w\u00e4re\". <em>(Marek Kuchci\u0144ski)<\/em><\/p>\n\n\n\n<p><\/p>\n\n\n\n<p>.<\/p>\n\n\n\n<figure class=\"wp-block-gallery has-nested-images columns-default is-cropped wp-block-gallery-1 is-layout-flex wp-block-gallery-is-layout-flex\">\n<figure class=\"wp-block-image size-large\"><a href=\"https:\/\/archiwumwolnosci.pl\/wp-content\/uploads\/2022\/11\/IMG_8552.jpg\"><img fetchpriority=\"high\" decoding=\"async\" width=\"1024\" height=\"753\" data-id=\"4899\" src=\"https:\/\/archiwumwolnosci.pl\/wp-content\/uploads\/2022\/11\/IMG_8552-1024x753.jpg\" alt=\"\" class=\"wp-image-4899\" srcset=\"https:\/\/archiwumwolnosci.pl\/wp-content\/uploads\/2022\/11\/IMG_8552-1024x753.jpg 1024w, https:\/\/archiwumwolnosci.pl\/wp-content\/uploads\/2022\/11\/IMG_8552-300x221.jpg 300w, https:\/\/archiwumwolnosci.pl\/wp-content\/uploads\/2022\/11\/IMG_8552-768x565.jpg 768w, https:\/\/archiwumwolnosci.pl\/wp-content\/uploads\/2022\/11\/IMG_8552-16x12.jpg 16w, https:\/\/archiwumwolnosci.pl\/wp-content\/uploads\/2022\/11\/IMG_8552.jpg 1400w\" sizes=\"(max-width: 1024px) 100vw, 1024px\" \/><\/a><figcaption class=\"wp-element-caption\">Startseite <em>Dachboden <\/em>von au\u00dfen, 1980er Jahre.<\/figcaption><\/figure>\n\n\n\n<figure class=\"wp-block-image size-large\"><a href=\"https:\/\/archiwumwolnosci.pl\/wp-content\/uploads\/2022\/11\/Na-tym-zdjeciu-moja-mama-trzyma-pocztowke-recznie-wykonana-z-poczta-podziemnej-Solidarnosci.jpg\"><img decoding=\"async\" width=\"1024\" height=\"760\" data-id=\"4897\" src=\"https:\/\/archiwumwolnosci.pl\/wp-content\/uploads\/2022\/11\/Na-tym-zdjeciu-moja-mama-trzyma-pocztowke-recznie-wykonana-z-poczta-podziemnej-Solidarnosci-1024x760.jpg\" alt=\"\" class=\"wp-image-4897\" srcset=\"https:\/\/archiwumwolnosci.pl\/wp-content\/uploads\/2022\/11\/Na-tym-zdjeciu-moja-mama-trzyma-pocztowke-recznie-wykonana-z-poczta-podziemnej-Solidarnosci-1024x760.jpg 1024w, https:\/\/archiwumwolnosci.pl\/wp-content\/uploads\/2022\/11\/Na-tym-zdjeciu-moja-mama-trzyma-pocztowke-recznie-wykonana-z-poczta-podziemnej-Solidarnosci-300x223.jpg 300w, https:\/\/archiwumwolnosci.pl\/wp-content\/uploads\/2022\/11\/Na-tym-zdjeciu-moja-mama-trzyma-pocztowke-recznie-wykonana-z-poczta-podziemnej-Solidarnosci-768x570.jpg 768w, https:\/\/archiwumwolnosci.pl\/wp-content\/uploads\/2022\/11\/Na-tym-zdjeciu-moja-mama-trzyma-pocztowke-recznie-wykonana-z-poczta-podziemnej-Solidarnosci-16x12.jpg 16w, https:\/\/archiwumwolnosci.pl\/wp-content\/uploads\/2022\/11\/Na-tym-zdjeciu-moja-mama-trzyma-pocztowke-recznie-wykonana-z-poczta-podziemnej-Solidarnosci.jpg 1400w\" sizes=\"(max-width: 1024px) 100vw, 1024px\" \/><\/a><figcaption class=\"wp-element-caption\">Janina Kuchci\u0144ska h\u00e4lt eine handgefertigte Postkarte der Untergrund-Solidarit\u00e4tsbewegung<\/figcaption><\/figure>\n\n\n\n<figure class=\"wp-block-image size-large\"><a href=\"https:\/\/archiwumwolnosci.pl\/wp-content\/uploads\/2022\/11\/Strych-z-zewnatrz-lata-80.-1.jpg\"><img decoding=\"async\" width=\"1024\" height=\"768\" data-id=\"4908\" src=\"https:\/\/archiwumwolnosci.pl\/wp-content\/uploads\/2022\/11\/Strych-z-zewnatrz-lata-80.-1-1024x768.jpg\" alt=\"\" class=\"wp-image-4908\" srcset=\"https:\/\/archiwumwolnosci.pl\/wp-content\/uploads\/2022\/11\/Strych-z-zewnatrz-lata-80.-1-1024x768.jpg 1024w, https:\/\/archiwumwolnosci.pl\/wp-content\/uploads\/2022\/11\/Strych-z-zewnatrz-lata-80.-1-300x225.jpg 300w, https:\/\/archiwumwolnosci.pl\/wp-content\/uploads\/2022\/11\/Strych-z-zewnatrz-lata-80.-1-768x576.jpg 768w, https:\/\/archiwumwolnosci.pl\/wp-content\/uploads\/2022\/11\/Strych-z-zewnatrz-lata-80.-1-16x12.jpg 16w, https:\/\/archiwumwolnosci.pl\/wp-content\/uploads\/2022\/11\/Strych-z-zewnatrz-lata-80.-1.jpg 1400w\" sizes=\"(max-width: 1024px) 100vw, 1024px\" \/><\/a><figcaption class=\"wp-element-caption\">Startseite <em>Dachboden<\/em> von au\u00dfen, 1980er Jahre.<\/figcaption><\/figure>\n<\/figure>\n\n\n\n<figure class=\"wp-block-gallery has-nested-images columns-default is-cropped wp-block-gallery-2 is-layout-flex wp-block-gallery-is-layout-flex\">\n<figure class=\"wp-block-image size-large\"><a href=\"https:\/\/archiwumwolnosci.pl\/wp-content\/uploads\/2022\/11\/to-zdjecie-ogrodow-Strychu.jpg\"><img loading=\"lazy\" decoding=\"async\" width=\"1024\" height=\"691\" data-id=\"4889\" src=\"https:\/\/archiwumwolnosci.pl\/wp-content\/uploads\/2022\/11\/to-zdjecie-ogrodow-Strychu-1024x691.jpg\" alt=\"\" class=\"wp-image-4889\" srcset=\"https:\/\/archiwumwolnosci.pl\/wp-content\/uploads\/2022\/11\/to-zdjecie-ogrodow-Strychu-1024x691.jpg 1024w, https:\/\/archiwumwolnosci.pl\/wp-content\/uploads\/2022\/11\/to-zdjecie-ogrodow-Strychu-300x203.jpg 300w, https:\/\/archiwumwolnosci.pl\/wp-content\/uploads\/2022\/11\/to-zdjecie-ogrodow-Strychu-768x518.jpg 768w, https:\/\/archiwumwolnosci.pl\/wp-content\/uploads\/2022\/11\/to-zdjecie-ogrodow-Strychu-18x12.jpg 18w, https:\/\/archiwumwolnosci.pl\/wp-content\/uploads\/2022\/11\/to-zdjecie-ogrodow-Strychu.jpg 1400w\" sizes=\"(max-width: 1024px) 100vw, 1024px\" \/><\/a><figcaption class=\"wp-element-caption\">Od lewej Urszula Zaleszczyk (ty\u0142em), &nbsp;Ela Piechowicz, Zbigniew Kuchci\u0144ski (ty\u0142em), Jerzy Mi\u015bkiewicz, Janina Kuchci\u0144ska, Bogus\u0142aw Zaleszczyk<\/figcaption><\/figure>\n\n\n\n<figure class=\"wp-block-image size-large\"><a href=\"https:\/\/archiwumwolnosci.pl\/wp-content\/uploads\/2022\/11\/Mieczyslaw-Kuchcinski-OMI-Francja-Zbigniew-Kuchcinski-Irena-Miskiewicz-l.-1.jpg\"><img loading=\"lazy\" decoding=\"async\" width=\"816\" height=\"1024\" data-id=\"4962\" src=\"https:\/\/archiwumwolnosci.pl\/wp-content\/uploads\/2022\/11\/Mieczyslaw-Kuchcinski-OMI-Francja-Zbigniew-Kuchcinski-Irena-Miskiewicz-l.-1-816x1024.jpg\" alt=\"\" class=\"wp-image-4962\" srcset=\"https:\/\/archiwumwolnosci.pl\/wp-content\/uploads\/2022\/11\/Mieczyslaw-Kuchcinski-OMI-Francja-Zbigniew-Kuchcinski-Irena-Miskiewicz-l.-1-816x1024.jpg 816w, https:\/\/archiwumwolnosci.pl\/wp-content\/uploads\/2022\/11\/Mieczyslaw-Kuchcinski-OMI-Francja-Zbigniew-Kuchcinski-Irena-Miskiewicz-l.-1-239x300.jpg 239w, https:\/\/archiwumwolnosci.pl\/wp-content\/uploads\/2022\/11\/Mieczyslaw-Kuchcinski-OMI-Francja-Zbigniew-Kuchcinski-Irena-Miskiewicz-l.-1-768x963.jpg 768w, https:\/\/archiwumwolnosci.pl\/wp-content\/uploads\/2022\/11\/Mieczyslaw-Kuchcinski-OMI-Francja-Zbigniew-Kuchcinski-Irena-Miskiewicz-l.-1-10x12.jpg 10w, https:\/\/archiwumwolnosci.pl\/wp-content\/uploads\/2022\/11\/Mieczyslaw-Kuchcinski-OMI-Francja-Zbigniew-Kuchcinski-Irena-Miskiewicz-l.-1.jpg 1116w\" sizes=\"(max-width: 816px) 100vw, 816px\" \/><\/a><figcaption class=\"wp-element-caption\">Mieczys\u0142aw Kuchci\u0144ski (OMI, Frankreich), Zbigniew Kuchci\u0144ski, Irena Mi\u015bkiewicz <\/figcaption><\/figure>\n\n\n\n<figure class=\"wp-block-image size-large\"><a href=\"https:\/\/archiwumwolnosci.pl\/wp-content\/uploads\/2022\/11\/Pies-Judym.jpg\"><img loading=\"lazy\" decoding=\"async\" width=\"743\" height=\"1024\" data-id=\"4892\" src=\"https:\/\/archiwumwolnosci.pl\/wp-content\/uploads\/2022\/11\/Pies-Judym-743x1024.jpg\" alt=\"\" class=\"wp-image-4892\" srcset=\"https:\/\/archiwumwolnosci.pl\/wp-content\/uploads\/2022\/11\/Pies-Judym-743x1024.jpg 743w, https:\/\/archiwumwolnosci.pl\/wp-content\/uploads\/2022\/11\/Pies-Judym-218x300.jpg 218w, https:\/\/archiwumwolnosci.pl\/wp-content\/uploads\/2022\/11\/Pies-Judym-768x1058.jpg 768w, https:\/\/archiwumwolnosci.pl\/wp-content\/uploads\/2022\/11\/Pies-Judym-9x12.jpg 9w, https:\/\/archiwumwolnosci.pl\/wp-content\/uploads\/2022\/11\/Pies-Judym.jpg 1016w\" sizes=\"(max-width: 743px) 100vw, 743px\" \/><\/a><figcaption class=\"wp-element-caption\">Dachbodenhund, Judym<\/figcaption><\/figure>\n<\/figure>\n\n\n\n<p> <\/p>\n\n\n\n<figure class=\"wp-block-gallery has-nested-images columns-default is-cropped wp-block-gallery-3 is-layout-flex wp-block-gallery-is-layout-flex\">\n<figure class=\"wp-block-image size-large\"><a href=\"https:\/\/archiwumwolnosci.pl\/wp-content\/uploads\/2022\/11\/Grazyna-Niezgoda-Zbigniew-Kuchcinski-Anglik-1.jpg\"><img loading=\"lazy\" decoding=\"async\" width=\"1024\" height=\"719\" data-id=\"4901\" src=\"https:\/\/archiwumwolnosci.pl\/wp-content\/uploads\/2022\/11\/Grazyna-Niezgoda-Zbigniew-Kuchcinski-Anglik-1-1024x719.jpg\" alt=\"\" class=\"wp-image-4901\" srcset=\"https:\/\/archiwumwolnosci.pl\/wp-content\/uploads\/2022\/11\/Grazyna-Niezgoda-Zbigniew-Kuchcinski-Anglik-1-1024x719.jpg 1024w, https:\/\/archiwumwolnosci.pl\/wp-content\/uploads\/2022\/11\/Grazyna-Niezgoda-Zbigniew-Kuchcinski-Anglik-1-300x211.jpg 300w, https:\/\/archiwumwolnosci.pl\/wp-content\/uploads\/2022\/11\/Grazyna-Niezgoda-Zbigniew-Kuchcinski-Anglik-1-768x539.jpg 768w, https:\/\/archiwumwolnosci.pl\/wp-content\/uploads\/2022\/11\/Grazyna-Niezgoda-Zbigniew-Kuchcinski-Anglik-1-18x12.jpg 18w, https:\/\/archiwumwolnosci.pl\/wp-content\/uploads\/2022\/11\/Grazyna-Niezgoda-Zbigniew-Kuchcinski-Anglik-1.jpg 1400w\" sizes=\"(max-width: 1024px) 100vw, 1024px\" \/><\/a><figcaption class=\"wp-element-caption\">Gra\u017cyna Niezgoda, Zbigniew Kuchci\u0144ski<\/figcaption><\/figure>\n<\/figure>\n\n\n\n<figure class=\"wp-block-gallery has-nested-images columns-default is-cropped wp-block-gallery-4 is-layout-flex wp-block-gallery-is-layout-flex\">\n<figure class=\"wp-block-image size-large\"><a href=\"https:\/\/archiwumwolnosci.pl\/wp-content\/uploads\/2022\/11\/Obraz84.jpg\"><img loading=\"lazy\" decoding=\"async\" width=\"1024\" height=\"673\" data-id=\"4032\" src=\"https:\/\/archiwumwolnosci.pl\/wp-content\/uploads\/2022\/11\/Obraz84-1024x673.jpg\" alt=\"\" class=\"wp-image-4032\" srcset=\"https:\/\/archiwumwolnosci.pl\/wp-content\/uploads\/2022\/11\/Obraz84-1024x673.jpg 1024w, https:\/\/archiwumwolnosci.pl\/wp-content\/uploads\/2022\/11\/Obraz84-300x197.jpg 300w, https:\/\/archiwumwolnosci.pl\/wp-content\/uploads\/2022\/11\/Obraz84-768x505.jpg 768w, https:\/\/archiwumwolnosci.pl\/wp-content\/uploads\/2022\/11\/Obraz84.jpg 1400w\" sizes=\"(max-width: 1024px) 100vw, 1024px\" \/><\/a><figcaption class=\"wp-element-caption\">Treffen auf dem Dachboden - Autor mit Pavel Niemkiewicz, November 1989.<\/figcaption><\/figure>\n\n\n\n<figure class=\"wp-block-image size-large\"><a href=\"https:\/\/archiwumwolnosci.pl\/wp-content\/uploads\/2022\/11\/Obraz93.jpg\"><img loading=\"lazy\" decoding=\"async\" width=\"693\" height=\"1024\" data-id=\"4033\" src=\"https:\/\/archiwumwolnosci.pl\/wp-content\/uploads\/2022\/11\/Obraz93-693x1024.jpg\" alt=\"\" class=\"wp-image-4033\" srcset=\"https:\/\/archiwumwolnosci.pl\/wp-content\/uploads\/2022\/11\/Obraz93-693x1024.jpg 693w, https:\/\/archiwumwolnosci.pl\/wp-content\/uploads\/2022\/11\/Obraz93-203x300.jpg 203w, https:\/\/archiwumwolnosci.pl\/wp-content\/uploads\/2022\/11\/Obraz93-768x1135.jpg 768w, https:\/\/archiwumwolnosci.pl\/wp-content\/uploads\/2022\/11\/Obraz93.jpg 947w\" sizes=\"(max-width: 693px) 100vw, 693px\" \/><\/a><figcaption class=\"wp-element-caption\">Treffen mit Andrzej Gronczewski, Oktober 1990.<\/figcaption><\/figure>\n\n\n\n<figure class=\"wp-block-image size-large\"><a href=\"https:\/\/archiwumwolnosci.pl\/wp-content\/uploads\/2022\/11\/J.-Kuchcinska-Z-Kuchcinski-J-Kurylak-S.-Stefan-Makowiecki-1.jpg\"><img loading=\"lazy\" decoding=\"async\" width=\"707\" height=\"1024\" data-id=\"4900\" src=\"https:\/\/archiwumwolnosci.pl\/wp-content\/uploads\/2022\/11\/J.-Kuchcinska-Z-Kuchcinski-J-Kurylak-S.-Stefan-Makowiecki-1-707x1024.jpg\" alt=\"\" class=\"wp-image-4900\" srcset=\"https:\/\/archiwumwolnosci.pl\/wp-content\/uploads\/2022\/11\/J.-Kuchcinska-Z-Kuchcinski-J-Kurylak-S.-Stefan-Makowiecki-1-707x1024.jpg 707w, https:\/\/archiwumwolnosci.pl\/wp-content\/uploads\/2022\/11\/J.-Kuchcinska-Z-Kuchcinski-J-Kurylak-S.-Stefan-Makowiecki-1-207x300.jpg 207w, https:\/\/archiwumwolnosci.pl\/wp-content\/uploads\/2022\/11\/J.-Kuchcinska-Z-Kuchcinski-J-Kurylak-S.-Stefan-Makowiecki-1-768x1113.jpg 768w, https:\/\/archiwumwolnosci.pl\/wp-content\/uploads\/2022\/11\/J.-Kuchcinska-Z-Kuchcinski-J-Kurylak-S.-Stefan-Makowiecki-1-8x12.jpg 8w, https:\/\/archiwumwolnosci.pl\/wp-content\/uploads\/2022\/11\/J.-Kuchcinska-Z-Kuchcinski-J-Kurylak-S.-Stefan-Makowiecki-1.jpg 966w\" sizes=\"(max-width: 707px) 100vw, 707px\" \/><\/a><figcaption class=\"wp-element-caption\">J. Kuchci\u0144ska, Z. Kuchci\u0144ski, J. Kurylak, S. Makowiecki<\/figcaption><\/figure>\n<\/figure>\n\n\n\n<figure class=\"wp-block-gallery has-nested-images columns-default is-cropped wp-block-gallery-5 is-layout-flex wp-block-gallery-is-layout-flex\">\n<figure class=\"wp-block-image size-large\"><a href=\"https:\/\/archiwumwolnosci.pl\/wp-content\/uploads\/2022\/11\/Obraz80-1.jpg\"><img loading=\"lazy\" decoding=\"async\" width=\"1024\" height=\"704\" data-id=\"4034\" src=\"https:\/\/archiwumwolnosci.pl\/wp-content\/uploads\/2022\/11\/Obraz80-1-1024x704.jpg\" alt=\"\" class=\"wp-image-4034\" srcset=\"https:\/\/archiwumwolnosci.pl\/wp-content\/uploads\/2022\/11\/Obraz80-1-1024x704.jpg 1024w, https:\/\/archiwumwolnosci.pl\/wp-content\/uploads\/2022\/11\/Obraz80-1-300x206.jpg 300w, https:\/\/archiwumwolnosci.pl\/wp-content\/uploads\/2022\/11\/Obraz80-1-768x528.jpg 768w, https:\/\/archiwumwolnosci.pl\/wp-content\/uploads\/2022\/11\/Obraz80-1.jpg 1400w\" sizes=\"(max-width: 1024px) 100vw, 1024px\" \/><\/a><figcaption class=\"wp-element-caption\">Treffen mit Mark Lilla (Harvard University) am 7. Oktober 1989 im \"Dachgeschoss\". Auf dem Bild von links: Zbigniew Blukacz (Maler der Lodzer Fabryczna-Gruppe), \"Tante\" Moira Piekalkiewicz (Amnesty International), NN, Jerzy \"Koza\" Cepinski, Lucyna Ha\u0142asik, Zofia Broniek (Unabh\u00e4ngiger Kulturausschuss)<\/figcaption><\/figure>\n\n\n\n<figure class=\"wp-block-image size-large\"><a href=\"https:\/\/archiwumwolnosci.pl\/wp-content\/uploads\/2022\/11\/Obraz82.jpg\"><img loading=\"lazy\" decoding=\"async\" width=\"1024\" height=\"697\" data-id=\"4031\" src=\"https:\/\/archiwumwolnosci.pl\/wp-content\/uploads\/2022\/11\/Obraz82-1024x697.jpg\" alt=\"\" class=\"wp-image-4031\" srcset=\"https:\/\/archiwumwolnosci.pl\/wp-content\/uploads\/2022\/11\/Obraz82-1024x697.jpg 1024w, https:\/\/archiwumwolnosci.pl\/wp-content\/uploads\/2022\/11\/Obraz82-300x204.jpg 300w, https:\/\/archiwumwolnosci.pl\/wp-content\/uploads\/2022\/11\/Obraz82-768x523.jpg 768w, https:\/\/archiwumwolnosci.pl\/wp-content\/uploads\/2022\/11\/Obraz82.jpg 1400w\" sizes=\"(max-width: 1024px) 100vw, 1024px\" \/><\/a><figcaption class=\"wp-element-caption\">Cultural Attic, Treffen des Autors im September 1989 mit einer Kunstgruppe aus Oxford (Cally Le Poer Trench, Alan Franklin, Helen Ganly, Roger Perkins)<\/figcaption><\/figure>\n<\/figure>\n\n\n\n<figure class=\"wp-block-gallery has-nested-images columns-default is-cropped wp-block-gallery-6 is-layout-flex wp-block-gallery-is-layout-flex\">\n<figure class=\"wp-block-image size-large\"><a href=\"https:\/\/archiwumwolnosci.pl\/wp-content\/uploads\/2022\/11\/Obraz791.jpg\"><img loading=\"lazy\" decoding=\"async\" width=\"1024\" height=\"704\" data-id=\"4029\" src=\"https:\/\/archiwumwolnosci.pl\/wp-content\/uploads\/2022\/11\/Obraz791-1024x704.jpg\" alt=\"\" class=\"wp-image-4029\" srcset=\"https:\/\/archiwumwolnosci.pl\/wp-content\/uploads\/2022\/11\/Obraz791-1024x704.jpg 1024w, https:\/\/archiwumwolnosci.pl\/wp-content\/uploads\/2022\/11\/Obraz791-300x206.jpg 300w, https:\/\/archiwumwolnosci.pl\/wp-content\/uploads\/2022\/11\/Obraz791-768x528.jpg 768w, https:\/\/archiwumwolnosci.pl\/wp-content\/uploads\/2022\/11\/Obraz791.jpg 1400w\" sizes=\"(max-width: 1024px) 100vw, 1024px\" \/><\/a><\/figure>\n\n\n\n<figure class=\"wp-block-image size-large\"><a href=\"https:\/\/archiwumwolnosci.pl\/wp-content\/uploads\/2022\/11\/Obraz78.jpg\"><img loading=\"lazy\" decoding=\"async\" width=\"1024\" height=\"704\" data-id=\"4109\" src=\"https:\/\/archiwumwolnosci.pl\/wp-content\/uploads\/2022\/11\/Obraz78-1024x704.jpg\" alt=\"\" class=\"wp-image-4109\" srcset=\"https:\/\/archiwumwolnosci.pl\/wp-content\/uploads\/2022\/11\/Obraz78-1024x704.jpg 1024w, https:\/\/archiwumwolnosci.pl\/wp-content\/uploads\/2022\/11\/Obraz78-300x206.jpg 300w, https:\/\/archiwumwolnosci.pl\/wp-content\/uploads\/2022\/11\/Obraz78-768x528.jpg 768w, https:\/\/archiwumwolnosci.pl\/wp-content\/uploads\/2022\/11\/Obraz78.jpg 1400w\" sizes=\"(max-width: 1024px) 100vw, 1024px\" \/><\/a><figcaption class=\"wp-element-caption\">Treffen mit Mark Lilla, Oktober 1989.<\/figcaption><\/figure>\n<\/figure>\n\n\n\n<figure class=\"wp-block-gallery has-nested-images columns-default is-cropped wp-block-gallery-7 is-layout-flex wp-block-gallery-is-layout-flex\">\n<figure class=\"wp-block-image size-large\"><a href=\"https:\/\/archiwumwolnosci.pl\/wp-content\/uploads\/2022\/11\/Obraz87.jpg\"><img loading=\"lazy\" decoding=\"async\" width=\"1024\" height=\"693\" data-id=\"4113\" src=\"https:\/\/archiwumwolnosci.pl\/wp-content\/uploads\/2022\/11\/Obraz87-1024x693.jpg\" alt=\"\" class=\"wp-image-4113\" srcset=\"https:\/\/archiwumwolnosci.pl\/wp-content\/uploads\/2022\/11\/Obraz87-1024x693.jpg 1024w, https:\/\/archiwumwolnosci.pl\/wp-content\/uploads\/2022\/11\/Obraz87-300x203.jpg 300w, https:\/\/archiwumwolnosci.pl\/wp-content\/uploads\/2022\/11\/Obraz87-768x520.jpg 768w, https:\/\/archiwumwolnosci.pl\/wp-content\/uploads\/2022\/11\/Obraz87.jpg 1400w\" sizes=\"(max-width: 1024px) 100vw, 1024px\" \/><\/a><figcaption class=\"wp-element-caption\">Treffen auf dem Dachboden - Autor mit Pavel Niemkiewicz, November 1989.<\/figcaption><\/figure>\n\n\n\n<figure class=\"wp-block-image size-large\"><a href=\"https:\/\/archiwumwolnosci.pl\/wp-content\/uploads\/2022\/11\/Obraz90.jpg\"><img loading=\"lazy\" decoding=\"async\" width=\"1024\" height=\"693\" data-id=\"4111\" src=\"https:\/\/archiwumwolnosci.pl\/wp-content\/uploads\/2022\/11\/Obraz90-1024x693.jpg\" alt=\"\" class=\"wp-image-4111\" srcset=\"https:\/\/archiwumwolnosci.pl\/wp-content\/uploads\/2022\/11\/Obraz90-1024x693.jpg 1024w, https:\/\/archiwumwolnosci.pl\/wp-content\/uploads\/2022\/11\/Obraz90-300x203.jpg 300w, https:\/\/archiwumwolnosci.pl\/wp-content\/uploads\/2022\/11\/Obraz90-768x520.jpg 768w, https:\/\/archiwumwolnosci.pl\/wp-content\/uploads\/2022\/11\/Obraz90.jpg 1400w\" sizes=\"(max-width: 1024px) 100vw, 1024px\" \/><\/a><figcaption class=\"wp-element-caption\">Treffen auf dem Dachboden - Autor mit Pavel Niemkiewicz, November 1989.<\/figcaption><\/figure>\n<\/figure>\n\n\n\n<figure class=\"wp-block-gallery has-nested-images columns-default is-cropped wp-block-gallery-8 is-layout-flex wp-block-gallery-is-layout-flex\">\n<figure class=\"wp-block-image size-large\"><a href=\"https:\/\/archiwumwolnosci.pl\/wp-content\/uploads\/2022\/11\/Obraz86-1.jpg\"><img loading=\"lazy\" decoding=\"async\" width=\"1024\" height=\"693\" data-id=\"4118\" src=\"https:\/\/archiwumwolnosci.pl\/wp-content\/uploads\/2022\/11\/Obraz86-1-1024x693.jpg\" alt=\"\" class=\"wp-image-4118\" srcset=\"https:\/\/archiwumwolnosci.pl\/wp-content\/uploads\/2022\/11\/Obraz86-1-1024x693.jpg 1024w, https:\/\/archiwumwolnosci.pl\/wp-content\/uploads\/2022\/11\/Obraz86-1-300x203.jpg 300w, https:\/\/archiwumwolnosci.pl\/wp-content\/uploads\/2022\/11\/Obraz86-1-768x520.jpg 768w, https:\/\/archiwumwolnosci.pl\/wp-content\/uploads\/2022\/11\/Obraz86-1.jpg 1400w\" sizes=\"(max-width: 1024px) 100vw, 1024px\" \/><\/a><figcaption class=\"wp-element-caption\">Treffen auf dem Dachboden - Autor mit Pavel Niemkiewicz, November 1989.<\/figcaption><\/figure>\n\n\n\n<figure class=\"wp-block-image size-large\"><a href=\"https:\/\/archiwumwolnosci.pl\/wp-content\/uploads\/2022\/11\/Obraz81-1.jpg\"><img loading=\"lazy\" decoding=\"async\" width=\"1024\" height=\"696\" data-id=\"4117\" src=\"https:\/\/archiwumwolnosci.pl\/wp-content\/uploads\/2022\/11\/Obraz81-1-1024x696.jpg\" alt=\"\" class=\"wp-image-4117\" srcset=\"https:\/\/archiwumwolnosci.pl\/wp-content\/uploads\/2022\/11\/Obraz81-1-1024x696.jpg 1024w, https:\/\/archiwumwolnosci.pl\/wp-content\/uploads\/2022\/11\/Obraz81-1-300x204.jpg 300w, https:\/\/archiwumwolnosci.pl\/wp-content\/uploads\/2022\/11\/Obraz81-1-768x522.jpg 768w, https:\/\/archiwumwolnosci.pl\/wp-content\/uploads\/2022\/11\/Obraz81-1.jpg 1400w\" sizes=\"(max-width: 1024px) 100vw, 1024px\" \/><\/a><\/figure>\n<\/figure>\n\n\n\n<figure class=\"wp-block-gallery has-nested-images columns-default is-cropped wp-block-gallery-9 is-layout-flex wp-block-gallery-is-layout-flex\">\n<figure class=\"wp-block-image size-large\"><a href=\"https:\/\/archiwumwolnosci.pl\/wp-content\/uploads\/2022\/11\/Kuchnia-strychowa-1985-1.jpg\"><img loading=\"lazy\" decoding=\"async\" width=\"1024\" height=\"682\" data-id=\"4913\" src=\"https:\/\/archiwumwolnosci.pl\/wp-content\/uploads\/2022\/11\/Kuchnia-strychowa-1985-1-1024x682.jpg\" alt=\"\" class=\"wp-image-4913\" srcset=\"https:\/\/archiwumwolnosci.pl\/wp-content\/uploads\/2022\/11\/Kuchnia-strychowa-1985-1-1024x682.jpg 1024w, https:\/\/archiwumwolnosci.pl\/wp-content\/uploads\/2022\/11\/Kuchnia-strychowa-1985-1-300x200.jpg 300w, https:\/\/archiwumwolnosci.pl\/wp-content\/uploads\/2022\/11\/Kuchnia-strychowa-1985-1-768x512.jpg 768w, https:\/\/archiwumwolnosci.pl\/wp-content\/uploads\/2022\/11\/Kuchnia-strychowa-1985-1-18x12.jpg 18w, https:\/\/archiwumwolnosci.pl\/wp-content\/uploads\/2022\/11\/Kuchnia-strychowa-1985-1.jpg 1400w\" sizes=\"(max-width: 1024px) 100vw, 1024px\" \/><\/a><figcaption class=\"wp-element-caption\">Janina Kuchci\u0144ska in der Dachbodenk\u00fcche<\/figcaption><\/figure>\n\n\n\n<figure class=\"wp-block-image size-large\"><a href=\"https:\/\/archiwumwolnosci.pl\/wp-content\/uploads\/2022\/11\/1-0003-1.jpg\"><img loading=\"lazy\" decoding=\"async\" width=\"1024\" height=\"637\" data-id=\"5766\" src=\"https:\/\/archiwumwolnosci.pl\/wp-content\/uploads\/2022\/11\/1-0003-1-1024x637.jpg\" alt=\"\" class=\"wp-image-5766\" srcset=\"https:\/\/archiwumwolnosci.pl\/wp-content\/uploads\/2022\/11\/1-0003-1-1024x637.jpg 1024w, https:\/\/archiwumwolnosci.pl\/wp-content\/uploads\/2022\/11\/1-0003-1-300x187.jpg 300w, https:\/\/archiwumwolnosci.pl\/wp-content\/uploads\/2022\/11\/1-0003-1-768x478.jpg 768w, https:\/\/archiwumwolnosci.pl\/wp-content\/uploads\/2022\/11\/1-0003-1-18x12.jpg 18w, https:\/\/archiwumwolnosci.pl\/wp-content\/uploads\/2022\/11\/1-0003-1.jpg 1400w\" sizes=\"(max-width: 1024px) 100vw, 1024px\" \/><\/a><\/figure>\n\n\n\n<figure class=\"wp-block-image size-large\"><a href=\"https:\/\/archiwumwolnosci.pl\/wp-content\/uploads\/2022\/11\/1-0004-1.jpg\"><img loading=\"lazy\" decoding=\"async\" width=\"1024\" height=\"676\" data-id=\"5765\" src=\"https:\/\/archiwumwolnosci.pl\/wp-content\/uploads\/2022\/11\/1-0004-1-1024x676.jpg\" alt=\"\" class=\"wp-image-5765\" srcset=\"https:\/\/archiwumwolnosci.pl\/wp-content\/uploads\/2022\/11\/1-0004-1-1024x676.jpg 1024w, https:\/\/archiwumwolnosci.pl\/wp-content\/uploads\/2022\/11\/1-0004-1-300x198.jpg 300w, https:\/\/archiwumwolnosci.pl\/wp-content\/uploads\/2022\/11\/1-0004-1-768x507.jpg 768w, https:\/\/archiwumwolnosci.pl\/wp-content\/uploads\/2022\/11\/1-0004-1-18x12.jpg 18w, https:\/\/archiwumwolnosci.pl\/wp-content\/uploads\/2022\/11\/1-0004-1.jpg 1400w\" sizes=\"(max-width: 1024px) 100vw, 1024px\" \/><\/a><\/figure>\n<\/figure>\n\n\n\n<p><\/p>\n\n\n\n<figure class=\"wp-block-gallery has-nested-images columns-default is-cropped wp-block-gallery-10 is-layout-flex wp-block-gallery-is-layout-flex\">\n<figure class=\"wp-block-image size-large\"><a href=\"https:\/\/archiwumwolnosci.pl\/wp-content\/uploads\/2022\/11\/Obraz279.jpg\"><img loading=\"lazy\" decoding=\"async\" width=\"1024\" height=\"718\" data-id=\"4030\" src=\"https:\/\/archiwumwolnosci.pl\/wp-content\/uploads\/2022\/11\/Obraz279-1024x718.jpg\" alt=\"\" class=\"wp-image-4030\" srcset=\"https:\/\/archiwumwolnosci.pl\/wp-content\/uploads\/2022\/11\/Obraz279-1024x718.jpg 1024w, https:\/\/archiwumwolnosci.pl\/wp-content\/uploads\/2022\/11\/Obraz279-300x210.jpg 300w, https:\/\/archiwumwolnosci.pl\/wp-content\/uploads\/2022\/11\/Obraz279-768x539.jpg 768w, https:\/\/archiwumwolnosci.pl\/wp-content\/uploads\/2022\/11\/Obraz279.jpg 1400w\" sizes=\"(max-width: 1024px) 100vw, 1024px\" \/><\/a><\/figure>\n\n\n\n<figure class=\"wp-block-image size-large\"><a href=\"https:\/\/archiwumwolnosci.pl\/wp-content\/uploads\/2022\/11\/Rekwizyt-strychowy.jpg\"><img loading=\"lazy\" decoding=\"async\" width=\"1024\" height=\"768\" data-id=\"5079\" src=\"https:\/\/archiwumwolnosci.pl\/wp-content\/uploads\/2022\/11\/Rekwizyt-strychowy-1024x768.jpg\" alt=\"\" class=\"wp-image-5079\" srcset=\"https:\/\/archiwumwolnosci.pl\/wp-content\/uploads\/2022\/11\/Rekwizyt-strychowy-1024x768.jpg 1024w, https:\/\/archiwumwolnosci.pl\/wp-content\/uploads\/2022\/11\/Rekwizyt-strychowy-300x225.jpg 300w, https:\/\/archiwumwolnosci.pl\/wp-content\/uploads\/2022\/11\/Rekwizyt-strychowy-768x576.jpg 768w, https:\/\/archiwumwolnosci.pl\/wp-content\/uploads\/2022\/11\/Rekwizyt-strychowy-16x12.jpg 16w, https:\/\/archiwumwolnosci.pl\/wp-content\/uploads\/2022\/11\/Rekwizyt-strychowy.jpg 1400w\" sizes=\"(max-width: 1024px) 100vw, 1024px\" \/><\/a><\/figure>\n<\/figure>\n\n\n\n<figure class=\"wp-block-gallery has-nested-images columns-default is-cropped wp-block-gallery-11 is-layout-flex wp-block-gallery-is-layout-flex\">\n<figure class=\"wp-block-image size-large\"><a href=\"https:\/\/archiwumwolnosci.pl\/wp-content\/uploads\/2022\/11\/IMG_1962.jpg\"><img loading=\"lazy\" decoding=\"async\" width=\"768\" height=\"1024\" data-id=\"5082\" src=\"https:\/\/archiwumwolnosci.pl\/wp-content\/uploads\/2022\/11\/IMG_1962-768x1024.jpg\" alt=\"\" class=\"wp-image-5082\" srcset=\"https:\/\/archiwumwolnosci.pl\/wp-content\/uploads\/2022\/11\/IMG_1962-768x1024.jpg 768w, https:\/\/archiwumwolnosci.pl\/wp-content\/uploads\/2022\/11\/IMG_1962-225x300.jpg 225w, https:\/\/archiwumwolnosci.pl\/wp-content\/uploads\/2022\/11\/IMG_1962-9x12.jpg 9w, https:\/\/archiwumwolnosci.pl\/wp-content\/uploads\/2022\/11\/IMG_1962.jpg 1050w\" sizes=\"(max-width: 768px) 100vw, 768px\" \/><\/a><figcaption class=\"wp-element-caption\">Ksi\u0105\u017cki czytane na Strychu<\/figcaption><\/figure>\n\n\n\n<figure class=\"wp-block-image size-large\"><a href=\"https:\/\/archiwumwolnosci.pl\/wp-content\/uploads\/2022\/11\/IMG_1964.jpg\"><img loading=\"lazy\" decoding=\"async\" width=\"1024\" height=\"768\" data-id=\"5083\" src=\"https:\/\/archiwumwolnosci.pl\/wp-content\/uploads\/2022\/11\/IMG_1964-1024x768.jpg\" alt=\"\" class=\"wp-image-5083\" srcset=\"https:\/\/archiwumwolnosci.pl\/wp-content\/uploads\/2022\/11\/IMG_1964-1024x768.jpg 1024w, https:\/\/archiwumwolnosci.pl\/wp-content\/uploads\/2022\/11\/IMG_1964-300x225.jpg 300w, https:\/\/archiwumwolnosci.pl\/wp-content\/uploads\/2022\/11\/IMG_1964-768x576.jpg 768w, https:\/\/archiwumwolnosci.pl\/wp-content\/uploads\/2022\/11\/IMG_1964-16x12.jpg 16w, https:\/\/archiwumwolnosci.pl\/wp-content\/uploads\/2022\/11\/IMG_1964.jpg 1400w\" sizes=\"(max-width: 1024px) 100vw, 1024px\" \/><\/a><\/figure>\n\n\n\n<figure class=\"wp-block-image size-large\"><a href=\"https:\/\/archiwumwolnosci.pl\/wp-content\/uploads\/2022\/11\/IMG_1965.jpg\"><img loading=\"lazy\" decoding=\"async\" width=\"768\" height=\"1024\" data-id=\"5084\" src=\"https:\/\/archiwumwolnosci.pl\/wp-content\/uploads\/2022\/11\/IMG_1965-768x1024.jpg\" alt=\"\" class=\"wp-image-5084\" srcset=\"https:\/\/archiwumwolnosci.pl\/wp-content\/uploads\/2022\/11\/IMG_1965-768x1024.jpg 768w, https:\/\/archiwumwolnosci.pl\/wp-content\/uploads\/2022\/11\/IMG_1965-225x300.jpg 225w, https:\/\/archiwumwolnosci.pl\/wp-content\/uploads\/2022\/11\/IMG_1965-9x12.jpg 9w, https:\/\/archiwumwolnosci.pl\/wp-content\/uploads\/2022\/11\/IMG_1965.jpg 1050w\" sizes=\"(max-width: 768px) 100vw, 768px\" \/><\/a><\/figure>\n<\/figure>\n\n\n\n<figure class=\"wp-block-gallery has-nested-images columns-default is-cropped wp-block-gallery-12 is-layout-flex wp-block-gallery-is-layout-flex\">\n<figure class=\"wp-block-image size-large\"><a href=\"https:\/\/archiwumwolnosci.pl\/wp-content\/uploads\/2023\/04\/IMG_1963.jpg\"><img loading=\"lazy\" decoding=\"async\" width=\"1024\" height=\"768\" data-id=\"6991\" src=\"https:\/\/archiwumwolnosci.pl\/wp-content\/uploads\/2023\/04\/IMG_1963-1024x768.jpg\" alt=\"\" class=\"wp-image-6991\" srcset=\"https:\/\/archiwumwolnosci.pl\/wp-content\/uploads\/2023\/04\/IMG_1963-1024x768.jpg 1024w, https:\/\/archiwumwolnosci.pl\/wp-content\/uploads\/2023\/04\/IMG_1963-600x450.jpg 600w, https:\/\/archiwumwolnosci.pl\/wp-content\/uploads\/2023\/04\/IMG_1963-768x576.jpg 768w, https:\/\/archiwumwolnosci.pl\/wp-content\/uploads\/2023\/04\/IMG_1963-16x12.jpg 16w, https:\/\/archiwumwolnosci.pl\/wp-content\/uploads\/2023\/04\/IMG_1963.jpg 1400w\" sizes=\"(max-width: 1024px) 100vw, 1024px\" \/><\/a><figcaption class=\"wp-element-caption\">Czasopisma czytane na Strychu<\/figcaption><\/figure>\n\n\n\n<figure class=\"wp-block-image size-large\"><a href=\"https:\/\/archiwumwolnosci.pl\/wp-content\/uploads\/2023\/04\/Ksiazki-z-biblioteki-strychowej.jpg\"><img loading=\"lazy\" decoding=\"async\" width=\"1024\" height=\"768\" data-id=\"7012\" src=\"https:\/\/archiwumwolnosci.pl\/wp-content\/uploads\/2023\/04\/Ksiazki-z-biblioteki-strychowej-1024x768.jpg\" alt=\"\" class=\"wp-image-7012\" srcset=\"https:\/\/archiwumwolnosci.pl\/wp-content\/uploads\/2023\/04\/Ksiazki-z-biblioteki-strychowej-1024x768.jpg 1024w, https:\/\/archiwumwolnosci.pl\/wp-content\/uploads\/2023\/04\/Ksiazki-z-biblioteki-strychowej-600x450.jpg 600w, https:\/\/archiwumwolnosci.pl\/wp-content\/uploads\/2023\/04\/Ksiazki-z-biblioteki-strychowej-768x576.jpg 768w, https:\/\/archiwumwolnosci.pl\/wp-content\/uploads\/2023\/04\/Ksiazki-z-biblioteki-strychowej-16x12.jpg 16w, https:\/\/archiwumwolnosci.pl\/wp-content\/uploads\/2023\/04\/Ksiazki-z-biblioteki-strychowej.jpg 1400w\" sizes=\"(max-width: 1024px) 100vw, 1024px\" \/><\/a><figcaption class=\"wp-element-caption\">Z biblioteki strychowej<\/figcaption><\/figure>\n<\/figure>\n\n\n\n<figure class=\"wp-block-gallery has-nested-images columns-default is-cropped wp-block-gallery-13 is-layout-flex wp-block-gallery-is-layout-flex\">\n<figure class=\"wp-block-image size-large\"><img loading=\"lazy\" decoding=\"async\" width=\"1024\" height=\"728\" data-id=\"4914\" src=\"https:\/\/archiwumwolnosci.pl\/wp-content\/uploads\/2022\/11\/TOZDJ_1-1024x728.jpg\" alt=\"\" class=\"wp-image-4914\" srcset=\"https:\/\/archiwumwolnosci.pl\/wp-content\/uploads\/2022\/11\/TOZDJ_1-1024x728.jpg 1024w, https:\/\/archiwumwolnosci.pl\/wp-content\/uploads\/2022\/11\/TOZDJ_1-300x213.jpg 300w, https:\/\/archiwumwolnosci.pl\/wp-content\/uploads\/2022\/11\/TOZDJ_1-768x546.jpg 768w, https:\/\/archiwumwolnosci.pl\/wp-content\/uploads\/2022\/11\/TOZDJ_1-18x12.jpg 18w, https:\/\/archiwumwolnosci.pl\/wp-content\/uploads\/2022\/11\/TOZDJ_1.jpg 1400w\" sizes=\"(max-width: 1024px) 100vw, 1024px\" \/><figcaption class=\"wp-element-caption\">Folientunnel, in denen Marek Kuchci\u0144ski im Fr\u00fchjahr Gem\u00fcse und im Herbst Chrysanthemen beschleunigt anbaut (T\u00f6pfe an der Seite sichtbar). Im Hintergrund die Baumkronen des Obstgartens im Dachgeschoss, 1980er Jahre.<\/figcaption><\/figure>\n<\/figure>","protected":false},"excerpt":{"rendered":"<p>\u201eStrych kulturalny to nie tylko nazwa pisma literacko-artystycznego, to tak\u017ce miejsce spotka\u0144 grupy przyjaci\u00f3\u0142 tworz\u0105cych niezale\u017cny obieg kultury. To zaadoptowane poddasze jednorodzinnego domu, wype\u0142nione pracami artyst\u00f3w, obrazami, ksi\u0105\u017ckami, z kt\u00f3rego wida\u0107 by\u0142o okoliczne wzg\u00f3rza. Przed domem stary kilkudziesi\u0119cioletni sad roz\u0142o\u017cystych jab\u0142oni z nie koszon\u0105 wielokwiatow\u0105 \u0142\u0105k\u0105. Wsz\u0119dzie du\u017co zieleni. Z perspektywy poddasza (strychu) patrzyli\u015bmy na [&hellip;]<\/p>","protected":false},"author":4,"featured_media":4122,"comment_status":"open","ping_status":"open","sticky":false,"template":"","format":"standard","meta":{"footnotes":""},"categories":[19,36,9,27],"tags":[],"_links":{"self":[{"href":"https:\/\/archiwumwolnosci.pl\/de\/wp-json\/wp\/v2\/posts\/4015"}],"collection":[{"href":"https:\/\/archiwumwolnosci.pl\/de\/wp-json\/wp\/v2\/posts"}],"about":[{"href":"https:\/\/archiwumwolnosci.pl\/de\/wp-json\/wp\/v2\/types\/post"}],"author":[{"embeddable":true,"href":"https:\/\/archiwumwolnosci.pl\/de\/wp-json\/wp\/v2\/users\/4"}],"replies":[{"embeddable":true,"href":"https:\/\/archiwumwolnosci.pl\/de\/wp-json\/wp\/v2\/comments?post=4015"}],"version-history":[{"count":46,"href":"https:\/\/archiwumwolnosci.pl\/de\/wp-json\/wp\/v2\/posts\/4015\/revisions"}],"predecessor-version":[{"id":7014,"href":"https:\/\/archiwumwolnosci.pl\/de\/wp-json\/wp\/v2\/posts\/4015\/revisions\/7014"}],"wp:featuredmedia":[{"embeddable":true,"href":"https:\/\/archiwumwolnosci.pl\/de\/wp-json\/wp\/v2\/media\/4122"}],"wp:attachment":[{"href":"https:\/\/archiwumwolnosci.pl\/de\/wp-json\/wp\/v2\/media?parent=4015"}],"wp:term":[{"taxonomy":"category","embeddable":true,"href":"https:\/\/archiwumwolnosci.pl\/de\/wp-json\/wp\/v2\/categories?post=4015"},{"taxonomy":"post_tag","embeddable":true,"href":"https:\/\/archiwumwolnosci.pl\/de\/wp-json\/wp\/v2\/tags?post=4015"}],"curies":[{"name":"wp","href":"https:\/\/api.w.org\/{rel}","templated":true}]}}