{"id":2032,"date":"2022-11-10T20:08:00","date_gmt":"2022-11-10T20:08:00","guid":{"rendered":"https:\/\/archiwumwolnosci.pl\/?p=2032"},"modified":"2022-12-18T10:58:15","modified_gmt":"2022-12-18T10:58:15","slug":"wit-mariusz-adam-siwcowie","status":"publish","type":"post","link":"https:\/\/archiwumwolnosci.pl\/de\/wit-mariusz-adam-siwcowie\/","title":{"rendered":"Wit, Mariusz, Adam Siwc"},"content":{"rendered":"<p><\/p>\n\n\n\n<p><strong>Die Entstehung der \"Solidarit\u00e4t\" in Przemy\u015bl - am Beispiel der Aktivit\u00e4ten der Br\u00fcder Siwiec: Wit, Mariusz und Adam<\/strong><\/p>\n\n\n\n<p><strong>1) Die Anf\u00e4nge der oppositionellen T\u00e4tigkeit von Wit Siwiec<\/strong><\/p>\n\n\n\n<p>.<\/p>\n\n\n\n<div class=\"wp-block-media-text is-stacked-on-mobile\" style=\"grid-template-columns:28% auto\"><figure class=\"wp-block-media-text__media\"><a href=\"https:\/\/encysol.pl\/es\/encyklopedia\/biogramy\/18628,Siwiec-Wit-Eugeniusz.html?search=792082169\"><img fetchpriority=\"high\" decoding=\"async\" width=\"434\" height=\"245\" src=\"https:\/\/archiwumwolnosci.pl\/wp-content\/uploads\/2022\/11\/encykl-sol.-5.jpg\" alt=\"\" class=\"wp-image-3668 size-full\" srcset=\"https:\/\/archiwumwolnosci.pl\/wp-content\/uploads\/2022\/11\/encykl-sol.-5.jpg 434w, https:\/\/archiwumwolnosci.pl\/wp-content\/uploads\/2022\/11\/encykl-sol.-5-300x169.jpg 300w\" sizes=\"(max-width: 434px) 100vw, 434px\" \/><\/a><\/figure><div class=\"wp-block-media-text__content\">\n<p><strong>AUS DER IPN-SOLIDARIT\u00c4TSENZYKLOP\u00c4DIE<\/strong><\/p>\n\n\n\n<p>Wit Eugeniusz Siwiec, geboren am 13. Juli 1952 in Przemy\u015bl. Absolvent der Hochschule f\u00fcr Landwirtschaft und Weidetechnik in Przemy\u015bl (1972). 1974-1975 Lehrer an der Grundschule in Sielnica, 1976-1977. <\/p>\n\n\n\n<p><a href=\"https:\/\/encysol.pl\/es\/encyklopedia\/biogramy\/18628,Siwiec-Wit-Eugeniusz.html?search=792082169\">https:\/\/encysol.pl\/es\/encyklopedia\/biogramy\/18628,Siwiec-Wit-Eugeniusz.html?search=792082169<\/a><\/p>\n\n\n\n<p><\/p>\n<\/div><\/div>\n\n\n\n<p>.<\/p>\n\n\n\n<p><strong>Von der Autorin:<\/strong><\/p>\n\n\n\n<p>Bekanntlich hat der kommunistische Sicherheitsapparat nach den Massenstreiks der Arbeiter im Juni 1976, die durch einen drastischen Anstieg der Lebensmittelpreise ausgel\u00f6st wurden, Tausende von Arbeitern verhaftet und ins Gef\u00e4ngnis geworfen, die zuvor von Reihen von Milizion\u00e4ren in so genannten \"Gesundheitsbahnen\" verpr\u00fcgelt worden waren. Der Schlag gegen die Arbeiterklasse durch die kommunistischen Beh\u00f6rden schuf offensichtlich einen fruchtbaren Boden f\u00fcr die Aktivit\u00e4ten von Oppositionsgruppen, die in heimlich gedruckten und verbreiteten Zeitschriften \u00fcber die Repressionen berichteten, die Arbeiter verteidigten und das kommunistische Regime verurteilten und Freiheit und Demokratie f\u00fcr Polen forderten.<\/p>\n\n\n\n<p>Unter diesen Umst\u00e4nden blieb der damals 24-j\u00e4hrige Wit Siwiec nicht unt\u00e4tig. Schlie\u00dflich erinnerte er sich an den Heldenmut seines Vaters Ryszard, der sich acht Jahre zuvor in einem Akt der Verurteilung der kommunistischen Diktatur, die Polen versklavte, selbst verbrannt hatte.<\/p>\n\n\n\n<p><strong>Vit:<\/strong><\/p>\n\n\n\n<p>Kurz nach der Gr\u00fcndung des Komitees zur Verteidigung der Arbeiter, im Herbst 1976, begann ich mit oppositionellen Aktivit\u00e4ten. Es gab eine Gruppe von uns in Przemy\u015bl. Es waren Jasiu Ekiert und Stasiu Sudo\u0142, und zu uns gesellte sich Stasiu Kusi\u0144ski, der in Warschau arbeitete und in Przemy\u015bl lebte. Ich habe mich ihnen angeschlossen. Unser Hauptziel war es, die illegale Presse zu verbreiten, da wir das Bed\u00fcrfnis hatten, zumindest einen Teil der Einwohner von Przemy\u015bl \u00fcber die Geschehnisse im Land zu informieren.<\/p>\n\n\n\n<p>Zu dieser Zeit ver\u00f6ffentlichte das KOR sein Bulletin in Form einer Monatsschrift. Sp\u00e4ter entstanden weitere unabh\u00e4ngige Oppositionsgruppen, darunter ROPCIO, die Bewegung zur Verteidigung der Menschen- und B\u00fcrgerrechte. Dort hat sich Jasiu Ekiert sehr engagiert. Unabh\u00e4ngig davon begann sich langsam eine b\u00e4uerliche Bewegung zu entwickeln, die die Zeitschrift Plac\u00f3wka herausgab und sich vor allem um Zbrocza Du\u017ca in Masowien konzentrierte. Wiesio K\u0119cik hat sich auf diesem Gebiet besonders engagiert. Zu dieser Zeit gr\u00fcndete und druckte Mirek Chojecki seine eigene unabh\u00e4ngige Zeitschrift, Nowa. Sp\u00e4ter organisierte Heniek Wujec die oppositionelle Arbeiterbewegung und begann mit der Herausgabe der illegalen Zeitung Robotnik.<\/p>\n\n\n\n<p>Wir sammelten diese Briefe von allen, die wir finden konnten, und brachten sie nach Przemy\u015bl. Wir verteilten sie an Personen, zu denen wir ein gewisses Vertrauen hatten. Wir wollten, dass die Untergrundpresse in gute H\u00e4nde gelangt und weitergegeben wird, damit sie unter den Menschen zirkuliert. Ich kannte viele Menschen in Przemy\u015bl, weil ich bei der Wohnungsbaugenossenschaft Przemy\u015bl arbeitete.<\/p>\n\n\n\n<p>Im Jahr 1978 organisierte ich das Komitee zur Selbstverteidigung der Gl\u00e4ubigen in der Gemeinde Kmiecie. Zu dieser Zeit befand sich die Kirche dort noch im Bau, und der Pfarrer war Pater Adam Michalski. Er wurde von den Beh\u00f6rden in unglaublicher Weise schikaniert und unterdr\u00fcckt. Deshalb haben wir dieses Komitee gegr\u00fcndet, um ihn zu verteidigen und gleichzeitig daf\u00fcr zu sorgen, dass die Bev\u00f6lkerung von Przemysl echte Informationen erh\u00e4lt.  Unser Ausschuss ver\u00f6ffentlichte gedruckte \"Kommuniqu\u00e9s\". Es ist mir unangenehm, das zu sagen, aber ich habe sie alle verfasst, was die Geheimpolizei erst nach der dritten Auflage herausfand.&nbsp;<\/p>\n\n\n\n<p>In der ersten Ausgabe dieses Magazins wurden alle Mitglieder des Ausschusses namentlich aufgef\u00fchrt. Diejenigen, die uns lediglich auf verschiedene Weise unterst\u00fctzt haben, wurden dort nicht genannt. Ihre Hilfe wurde jedoch der bisch\u00f6flichen Kurie zur Kenntnis gebracht.  Wenn ich mich recht erinnere, haben wir insgesamt sieben dieser \"Communiqu\u00e9s\" ver\u00f6ffentlicht. Die erste Ausgabe war voll mit Informationen \u00fcber die Gemeinde, \u00fcber den - nach Ansicht der Beh\u00f6rden - illegalen Bau der Kirche, aber auch \u00fcber wichtige nationale und internationale Nachrichten. &nbsp;<\/p>\n\n\n\n<p>Das Besondere an dieser Kirche war, dass sich auf dem Grundst\u00fcck zun\u00e4chst eine Scheune befand. Im Inneren der Scheune lie\u00df der Pfarrer heimlich eine Kapelle errichten. So wurden am Samstagabend das Dach und die W\u00e4nde der Scheune abgetragen, und am Sonntag wurde bereits die Messe in der Kapelle gefeiert.   So fing alles an, und dann wurde mit dem Bau der Kirche begonnen, ebenfalls ohne Genehmigung. Der Pfarrer hatte zuvor bei den Beh\u00f6rden um die Erlaubnis gebeten, eine Kirche f\u00fcr die Siedlung Kmiecie zu bauen, aber nat\u00fcrlich waren alle Antworten \"nein\". Die Kirche wurde also ohne Genehmigung gebaut.<\/p>\n\n\n\n<p>Die Beh\u00f6rden wagten es nicht, den formal illegalen Bau der Kirche zu stoppen, und richteten ihre Frustration und ihren Zorn gegen die Mitglieder des Komitees zur Selbstverteidigung der Gl\u00e4ubigen. Alle Personen, die diesem Ausschuss angeh\u00f6rten, wurden zeitweise f\u00fcr verschiedene Zeitr\u00e4ume inhaftiert. Die Mindeststrafe war eine 48-st\u00fcndige Haftstrafe. Manchmal kam es aber auch vor, dass sie eine Person z. B. um drei Uhr nachmittags entlie\u00dfen, und wenn sie nach Hause ging, wurde sie wieder f\u00fcr 48 Stunden festgehalten.<\/p>\n\n\n\n<p><\/p>\n\n\n\n<p><strong>2) Der Durchbruch im Sommer - 1980<\/strong><\/p>\n\n\n\n<p>&nbsp; <strong>Vit:&nbsp; &nbsp;&nbsp;&nbsp;&nbsp;<\/strong><\/p>\n\n\n\n<p>&nbsp;Zu dieser Zeit, als sich die Solidarit\u00e4t auf der Welle der landesweiten Streiks im Juli und August 1980 formierte, arbeitete ich nicht mehr bei der Wohnungsbaugenossenschaft und war in keinem Betrieb angestellt.  Und einmal kam Stasiu Sudo\u0142 zu mir und sagte, dass PAX freie Gewerkschaften in Przemy\u015bl organisiere. Ich ahnte, dass hier etwas nicht stimmte, und fuhr noch am selben Abend nach Warschau, zu Staszek Kusi\u0144ski in der Solidarno\u015b\u0107-Region Masowien.  Dort wurden meine Zweifel best\u00e4tigt. Mir wurde gesagt, dass nicht die PAX die Gewerkschaften organisieren sollte, sondern die Arbeitnehmer selbst sollten sich in den Betrieben organisieren und Gr\u00fcndungsaussch\u00fcsse der Solidarit\u00e4tsgewerkschaft bilden.<\/p>\n\n\n\n<p>Als ich nach Przemy\u015bl zur\u00fcckkehrte, bef\u00fcrchtete ich, dass die PAX- oder die alten WRZZ-Aktivisten die ersten sein w\u00fcrden, die vermeintlich freie Gewerkschaften gr\u00fcnden w\u00fcrden, die aber nicht basisdemokratisch und authentisch sind, sondern irgendwie von den Beh\u00f6rden kontrolliert werden. Sobald ich nach Hause kam, wandte ich mich an meine beiden Br\u00fcder und Schwestern, damit sie mir bei der Organisation von Solidarity helfen. Ich bat sie, an ihren Arbeitspl\u00e4tzen \u00fcber die unabh\u00e4ngige, selbstverwaltete Gewerkschaft \"Solidarit\u00e4t\" zu berichten, die im ganzen Land im Entstehen begriffen war. Ich forderte sie auf, gemeinsam mit vertrauensw\u00fcrdigen Kollegen Gr\u00fcndungsaussch\u00fcsse zu bilden. Und meine Geschwister haben mir geholfen. Es war im August 1980, und der erste war Mariusz, der in \"Fanin\" arbeitete, und gleich nach ihm Adam, ein Angestellter von Przemysl POM. Unsere Schwester El\u017cbieta, die leider bereits verstorben ist, war ebenfalls im Hotel Solidarity t\u00e4tig.<\/p>\n\n\n\n<p><strong>&nbsp;&nbsp;&nbsp;&nbsp;&nbsp;&nbsp; 3) Die Gr\u00fcndung der NSZZ \"S\" im Przemy\u015bl \"Fanina\"<\/strong><\/p>\n\n\n\n<p><strong>Mariusz<\/strong>:&nbsp;<\/p>\n\n\n\n<p>Damals war ich Angestellter von \"Fanina\", wo 550 Menschen besch\u00e4ftigt waren. Ich arbeitete in der Abteilung f\u00fcr mechanische Qualit\u00e4tskontrolle, so dass ich im ganzen Werk herumlaufen konnte und viele der Arbeiter kannte. In den Essenspausen ging ich auf irgendeine Erhebung und gab Informationen weiter, die ich von meinem Bruder Witek \u00fcber die Lage im Land und \u00fcber die entstehende Gewerkschaft Solidarno\u015b\u0107 erhalten hatte. Ich habe daf\u00fcr pl\u00e4diert, dass wir uns auch hier als Gewerkschaft unabh\u00e4ngig von Institutionen und Beh\u00f6rden organisieren sollten. Ich tat dies in der festen \u00dcberzeugung, dass die Solidarit\u00e4t Erfolg haben w\u00fcrde. &nbsp;<\/p>\n\n\n\n<p>Doch schon bald begannen die Probleme. Die Betriebsleitung begann, mich zu besch\u00e4men. Ich durfte die mechanische Abteilung nicht mehr verlassen und mich nicht mehr in den Produktionshallen aufhalten. Also musste ich mir einen mutigen und berechnenden Verb\u00fcndeten suchen. Ich wusste, dass im Konstruktionsb\u00fcro des Werks ein sehr anst\u00e4ndiger Mann arbeitete - Krzysztof Prokop. Ein von der Gesch\u00e4ftsleitung gesch\u00e4tzter Fachmann mit langj\u00e4hriger Berufserfahrung, der auch bei den Mitarbeitern hoch angesehen ist. Also bin ich zu ihm gegangen und habe gesagt: Herr Prokop, helfen Sie uns, die Situation zu retten, denn sie sind uns auf den Fersen. Und er stimmte zu, dass wir gemeinsam einen Solidarit\u00e4tsgr\u00fcndungsausschuss im Werk organisieren sollten. Es war auch noch eine dritte Person dabei, an deren Namen ich mich aber nicht mehr erinnere.<\/p>\n\n\n\n<p>Ich erinnere mich, dass wir drei zum Chef des Werks gingen und sagten: \"Das ist eine gute Idee: <em>\"Wir bitten Sie um Ihre Unterschrift zur Genehmigung der Verk\u00fcndung unseres Kommuniqu\u00e9s \u00fcber die Organisation des Gr\u00fcndungskomitees der NSZZ \"Solidarit\u00e4t\" in \"Fanin\" durch den Betriebsradiosender.<\/em> Der Direktor antwortete, er k\u00f6nne eine solche Vereinbarung nicht unterzeichnen. Daraufhin fragte Christopher Prokop ruhig und mit Betonung auf jedem Wort: \"Willst du also, dass wir in 'Fanin' dasselbe tun wie die Arbeiter in Ursus?\" Er \u00fcberlegte einen Moment, unterschrieb dann aber seine Zustimmung zu unserer Nachricht.<\/p>\n\n\n\n<p>Wir waren also bereits in der Lage, legal zu arbeiten und organisatorische Mitteilungen herauszugeben. Ich gebe zu, dass ich in der Fabrik keine Flugbl\u00e4tter der politischen Opposition verteilt habe. Ich wollte das Risiko nicht eingehen, weil es mein Arbeitsplatz war. Es gelang uns jedoch, die Gewerkschaft \"Solidarit\u00e4t\" in \"Fanin\" zu gr\u00fcnden, der die Mehrheit der Belegschaft beitrat, etwa 450 von 550 Arbeitnehmern.  Wenn ich nicht in Lesko geheiratet und dort gelebt h\u00e4tte, w\u00e4re ich wahrscheinlich ein bedeutender Solidarnosc-Aktivist in Przemy\u015bl gewesen. Und ich w\u00e4re sp\u00e4ter sicherlich zusammen mit meinen Br\u00fcdern interniert worden.<\/p>\n\n\n\n<p><strong>&nbsp;&nbsp;&nbsp;&nbsp;&nbsp;&nbsp;&nbsp;&nbsp; <\/strong><strong>4) Gr\u00fcndung der NSZZ \"S\" in Przemys\u0142aw POM<\/strong><\/p>\n\n\n\n<p><strong>Adam:<\/strong><\/p>\n\n\n\n<p>Ich arbeitete im Staatlichen Maschinenzentrum in Przemy\u015bl als stellvertretender Werkstattleiter. Unser Gr\u00fcndungskomitee der Gewerkschaft Solidarit\u00e4t wurde um die Monatswende August\/September 1980 gegr\u00fcndet, und ich glaube, zu diesem Zeitpunkt gab es bereits das Solidarit\u00e4tsstatut. Die Tatsache, dass ich keine leitende Position innehatte, war f\u00fcr mich und f\u00fcr die Sache von Vorteil, denn nach dem Solidarit\u00e4tsstatut konnten Personen, die eine leitende Position innehatten, nicht den Vorsitz der Gewerkschaft im Betrieb anstreben. Und da ich nur Abgeordneter war, habe ich die Sache selbst in die Hand genommen.<\/p>\n\n\n\n<p>Ich habe im August begonnen, die Gewerkschaft bei POM zu organisieren. In dem Werk gab es nur 150 Besch\u00e4ftigte, so dass wir pers\u00f6nlich mit den Arbeitern kommunizierten. Es gab keine Flugbl\u00e4tter, nur Mundpropaganda. Mit Hilfe von Informationen, die mein Bruder Witek aus der Gewerkschaftszentrale mitbrachte, ging ich pers\u00f6nlich von Person zu Person, von Abteilung zu Abteilung. Und so organisierten wir ein NSZZ-Solidarit\u00e4tskomitee bei POM, dessen Vorsitzender ich wurde. Und ich muss zugeben, dass es keine Einschr\u00e4nkungen seitens des Regisseurs gab. Ich hatte dabei keine gro\u00dfen Schwierigkeiten.<\/p>\n\n\n\n<p>Nat\u00fcrlich hatten die Menschen am Anfang noch ein wenig Angst, und nicht jeder wollte sich der Solidarno? anschliessen. Aber nach weiteren Gespr\u00e4chen und Informationen \u00fcber die Geschehnisse in ganz Polen wurden die Menschen mutiger und lehnten uns nicht mehr ab. Sie wussten einfach, dass dies nicht m\u00f6glich war.<\/p>\n\n\n\n<p>nicht nur in Przemy\u015bl, Mielec oder Rzesz\u00f3w stattfand, sondern dass sich diese Welle der Solidarit\u00e4t \u00fcber das ganze Land ausbreitete und immer gr\u00f6\u00dfer wurde. Es war etwas Neues, und man war gespannt, wie diese Solidarit\u00e4t neben den bestehenden Gewerkschaften funktionieren w\u00fcrde, aber als eine von den Beh\u00f6rden unabh\u00e4ngige und selbstverwaltete Gewerkschaft. Der zunehmende Erfolg der Solidarno?? in ganz Polen gab den Menschen sogar die Zuversicht, dass es funktionieren muss. Infolgedessen traten fast alle Mitarbeiter der POM Przemy\u015bl, einschlie\u00dflich des Generaldirektors des Werks, der Solidarit\u00e4t bei. Nur drei Personen weigerten sich: der technische Direktor, der Leiter der milit\u00e4rischen Zelle (d.h. ein Geheimdienstoffizier, der Informationen \u00fcber die Situation am Arbeitsplatz an den Sicherheitsdienst weitergibt) und die Personalchefin.<\/p>\n\n\n\n<p><strong>Vit: &nbsp;<\/strong><\/p>\n\n\n\n<p>Wir sollten auch ein paar Worte \u00fcber unsere Schwester, die verstorbene Elzbieta, Ehename Szabaga, verlieren. El\u017cbieta erkl\u00e4rte sich ebenfalls bereit, uns zu helfen, und organisierte das Gr\u00fcndungskomitee der Solidarit\u00e4t im Hotel Dworcowy, wo sie arbeitete.<\/p>\n\n\n\n<p><strong>5) Aufbau breiterer Solidarit\u00e4tsstrukturen in Przemy\u015bl<\/strong><\/p>\n\n\n\n<p><strong>Vit:<\/strong><\/p>\n\n\n\n<p>Nachdem ich zu Hause bereits drei Auftr\u00e4ge f\u00fcr das Unternehmen \"Solidarit\u00e4t\" erhalten hatte, wandte ich mich an meine alten Freunde von der Wohnungsbaugenossenschaft Przemy\u015bl. Dort wurde der Betriebsausschuss von \"S\" von Zygmunt Majgier organisiert. Also lud ich Zygmunt zu einem Treffen in unsere Wohnung in der Okrzei-Stra\u00dfe 2 ein, und nat\u00fcrlich lud ich auch die von den Br\u00fcdern in \"Fanin\" und POM gegr\u00fcndeten Fabrikkommissionen sowie Andrzej Kucharski ein, der in der \"Polna\"-Fabrik die Solidarit\u00e4t aufgebaut hatte. Und so kam es zu einem ersten Treffen von Vertretern der k\u00fcnftigen Solidarit\u00e4tsgewerkschaften aus mehreren Betrieben in Przemy\u015bl. Und der Ort des Treffens war ziemlich symbolisch, denn es war derselbe Raum, in dem vor Jahren unser Vater, Ryszard Siwiec, Notizen machte, um sich auf seinen ber\u00fchmten Protest gegen die kommunistische Diktatur vorzubereiten, bei dem er sein Leben opferte.<\/p>\n\n\n\n<p>Man k\u00f6nnte sagen, dass dies die erste Gr\u00fcndungsversammlung der gesamtpolnischen Solidarit\u00e4tsstruktur war, allerdings noch ohne formelles Protokoll. Insgesamt gab es mehrere dieser Treffen in unserer Wohnung. W\u00e4hrend dieser Treffen telefonierte ich mit den Solidarnosc-Strukturen in Gda\u0144sk und Warschau. Ich wollte ihnen beweisen, dass ich mir keine Geschichten \u00fcber die Organisation breiterer Solidarnosc-Strukturen in Przemy\u015bl ausdenke, sondern dass dies hier wirklich geschah.<\/p>\n\n\n\n<p>Beim n\u00e4chsten und letzten Treffen dieser Art in unserer Wohnung waren neben meinen Br\u00fcdern auch mehrere andere Vorsitzende der Gr\u00fcndungsaussch\u00fcsse aus den Betrieben in Przemysl anwesend. Auch Wladyslaw Mazur von den Sawdust Plates war dabei. Alles in allem war dies bereits eine recht repr\u00e4sentative Gruppe von Solidarnosc-Aktivisten aus Przemy\u015bl. Ich leitete die Sitzung und teilte mein Wissen \u00fcber die Gewerkschaft Solidarno\u015b\u0107 sowie die neuesten Informationen, die ich aus Warschau mitgebracht hatte. Unter anderem berichtete ich \u00fcber den Aufruf der Zentrale zur Schaffung breiterer gewerkschaftlicher Strukturen in einzelnen St\u00e4dten und Regionen des Landes. Und an diesem Punkt wandte sich W\u0142adys\u0142aw Mazur mit diesen Worten an mich: \"Herr Witek, und jetzt verlassen Sie bitte den Raum, denn wir werden uns eine provisorische Exekutive der Region Przemysl w\u00e4hlen. Und Sie vertreten schlie\u00dflich keinen Arbeitsplatz\". Es tat mir leid, aber was sollte ich tun? <strong>&nbsp;&nbsp;&nbsp;&nbsp;&nbsp;&nbsp;&nbsp;&nbsp;&nbsp;&nbsp;&nbsp;&nbsp;&nbsp;&nbsp;&nbsp;&nbsp;&nbsp;&nbsp;&nbsp;&nbsp;&nbsp;&nbsp;&nbsp;&nbsp;&nbsp;&nbsp;&nbsp;&nbsp;&nbsp;&nbsp;&nbsp;&nbsp;&nbsp;&nbsp;&nbsp;&nbsp;&nbsp;&nbsp; &nbsp;<\/strong><\/p>\n\n\n\n<p><strong>Adam<\/strong>:&nbsp;<\/p>\n\n\n\n<p>&nbsp;Damals w\u00e4hlten wir in Przemy\u015bl den ersten Vorsitzenden der Solidarno\u015bl, und es war W\u0142adys\u0142aw Mazur, der gew\u00e4hlt wurde. Wir waren zu siebt, wenn ich mich recht erinnere, d.h. Vertreter von sieben Przemysler Arbeitsbetrieben. Ich vertrat \"POM-Przemy\u015bl\", mein Bruder Mariusz und Krzysztof Prokop vertraten \"Fanina\", Andrzej Kucharski vertrat \"Polna\", Gienek Opacki vertrat \"Klejowe Zak\u0142ady Remontowe\", Czes\u0142aw Kijanka vertrat \"POM-Bircza\", und schlie\u00dflich vertrat W\u0142adys\u0142aw Mazur \"Zak\u0142ady P\u0142yt Pil\u015bniowych\". Ich wurde zum Schatzmeister ernannt. Und so wurde in der dritten Septemberdekade 1980 das erste gewerkschafts\u00fcbergreifende Gr\u00fcndungskomitee der Gewerkschaft Solidarit\u00e4t in Przemy\u015bl gebildet. Das Problem war, dass Witek uns nach dem Treffen ver\u00e4rgert dar\u00fcber informierte: \"Nun, wen haben Sie gew\u00e4hlt. Denn ich habe den begr\u00fcndeten Verdacht, dass er ein Anh\u00e4nger der eher 'freien Gewerkschaften' ist\". Sp\u00e4ter stellte sich tats\u00e4chlich heraus, dass Wladyslaw Mazur dieses Gewerkschaftsprofil vertrat, das in Konkurrenz zur Solidarno\u015b\u0107 stand. Aber als wir ihn w\u00e4hlten, hatten wir diese Gewissheit noch nicht, und wir kannten ihn als einen Freund unseres verstorbenen Vaters.<\/p>\n\n\n\n<p><strong>Vit:<\/strong><\/p>\n\n\n\n<p>Nach dieser ungl\u00fccklichen Versammlung, als sich fast alle zerstreut hatten, hielt ich Cze\u015bek Kijanka und Gienek Opacki an und sagte zu ihnen: <em>\"Meine Herren, es muss etwas getan werden, denn so kann es nicht bleiben.\"<\/em> Wir wussten, dass Mazur in die Zentrale nach Danzig fahren w\u00fcrde, um dort \u00fcber die Gr\u00fcndung der Przemysl Solidarity zu berichten. Daher schlug ich vor, eine Sitzung in einem gr\u00f6\u00dferen Kreis abzuhalten, mit Vertretern weiterer Betriebe aus Przemy\u015bl und Umgebung, und dann die Wahl zu wiederholen. Da es zus\u00e4tzliche Arbeitspl\u00e4tze gibt, ist dies bereits eine neue Situation, und auch sie haben das Recht, an der Wahl des Vorsitzenden der Przemy\u015bl Solidarity teilzunehmen.<\/p>\n\n\n\n<p><strong>6) Organisation der regionalen Struktur &nbsp;&nbsp;&nbsp;&nbsp;&nbsp;<\/strong><\/p>\n\n\n\n<p>&nbsp;<strong>Mit<\/strong>:<\/p>\n\n\n\n<p>Eine andere Idee kam mir in den Sinn. Nun, Przemy\u015bl war schon seit langem mit Jaros\u0142aw zerstritten. Ich dachte, dass es zumindest in Gewerkschaftsangelegenheiten nicht so sein sollte. So sagte ich zu meinen befreundeten Gewerkschaftskollegen Kijanka und Opacki:<\/p>\n\n\n\n<p><\/p>\n\n\n\n<p><em>\"Meine Herren, in Jaroslaw wurde bereits ein \u00fcberbetriebliches Gr\u00fcndungskomitee der 'Solidarit\u00e4t' gegr\u00fcndet. Lassen Sie uns also dorthin gehen und sie einladen, eine gemeinsame Provinzstruktur der NSZZ 'Solidarno\u015b\u0107' zu schaffen, und vielleicht sogar \u00fcberprovinziell.\"<\/em><\/p>\n\n\n\n<p>Von da an hatte ich die Idee, eine Region S\u00fcd-Ost zu gr\u00fcnden, immer im Hinterkopf. Ich hatte sehr gute Kontakte zu Aktivisten der Bauernbewegung aus der Region Krosno, die sich ein wenig verloren f\u00fchlten. Deshalb dachte ich, wir sollten unsere Arme weit \u00f6ffnen und alle in einer gemeinsamen Struktur willkommen hei\u00dfen. Und da wir S\u00fcdostpolen sind, warum sollte eine solche \u00fcberprovinzielle Gewerkschaftsstruktur nicht die Region S\u00fcdost hei\u00dfen?<\/p>\n\n\n\n<p>Es war bereits in der ersten Oktoberdekade 1980, als Herr Zaj\u0105c vom Arbeitnehmerausschuss der Behindertengenossenschaft \"Praca\" in Przemy\u015bl uns in seinem Auto nach Jaros\u0142aw zu einem Treffen mit dem \u00f6rtlichen Leiter des Interunionalen Solidarit\u00e4tskomitees, Kazimierz Ziobro, mitnahm. Mit seiner Zustimmung organisierten wir bald eine gemeinsame Wahl in Przemy\u015bl, im Gemeinschaftsraum des Taubstummenverbandes, zu der auch Delegierte aus Jaros\u0142aw kamen.<\/p>\n\n\n\n<p>Ich er\u00f6ffnete die Sitzung, indem ich mich als Aktivist der Gewerkschaft Solidarit\u00e4t Masowien vorstellte, und f\u00fcgte gleich hinzu, dass ich, da ich keinen Betrieb aus der Woiwodschaft Przemy\u015bl vertrete, vorschlug, dass Czes\u0142aw Kijanka, der Vorsitzende des Arbeitnehmerausschusses von POM Bircza, die Sitzung leiten sollte. Um ehrlich zu sein, bin ich im Voraus davon ausgegangen, dass die Person, die die Sitzung zur Wahl der regionalen Beh\u00f6rden leitet, h\u00f6chstwahrscheinlich zum Vorsitzenden dieser Struktur gew\u00e4hlt werden w\u00fcrde. Und so kam es dazu, denn damals waren die Menschen noch etwas \u00e4ngstlich und es gab nicht viele, die bereit waren, die Gewerkschaftsstrukturen zu f\u00fchren.<\/p>\n\n\n\n<p>&nbsp;Bevor sich die Teilnehmer jedoch auf Czes\u0142aw Kijanka als Vorsitzenden der Sitzung einigen konnten, erhob sich Wladyslaw Mazur und sprach in etwa wie folgt: <em>\"Meine Damen und Herren, dieses Treffen sollte nicht stattfinden, weil gleich drei Br\u00fcder Siwiec anwesend sind. So kann es nicht sein!\"<\/em> Der Vorsitzende Kijanka wies Mazur sofort mit der Bemerkung ab, dass dies nicht von Bedeutung sei. Seine Aufforderung, die Sitzung fortzusetzen, fand die volle Zustimmung der Teilnehmer.<\/p>\n\n\n\n<p><strong>Adam<\/strong>:<\/p>\n\n\n\n<p>Zur Wahlversammlung im Taubstummen-Gemeinschaftsraum kamen nicht nur Vertreter der Solidarit\u00e4ts-Gr\u00fcndungskomitees, sondern auch der alten Gewerkschaften. Und der Vorsitzende dieser \"staatlichen\" Gewerkschaften war zum Beispiel bei Przemysl POM noch im Amt. Und er hat auch an dieser Wahlversammlung teilgenommen, zusammen mit mir, als Vorsitzender des Solidarit\u00e4tsgr\u00fcndungsausschusses vom gleichen Arbeitsplatz. Insgesamt nahmen Vertreter von 35 Betrieben aus Przemy\u015bl und Jaros\u0142aw an dem Treffen teil. Der Saal war voll.<\/p>\n\n\n\n<p><\/p>\n\n\n\n<p>Theoretisch konnten sich auch die Vorsitzenden der alten Gewerkschaften f\u00fcr den Vorsitz der Region zur Wahl stellen, wovon sie aber in der Regel keinen Gebrauch machten. So hat zum Beispiel der Vorsitzende der alten Gewerkschaften von POM Przemysl sofort erkl\u00e4rt, dass er sich zur\u00fcckzieht und die Vertretung dieses Betriebs an mich abgibt.<\/p>\n\n\n\n<p>Es war, als ob die Verwirrung der Vorsitzenden der alten Gewerkschaften nach drei Monaten, als die Ungewissheit \u00fcber die Lage der Solidarnosc-Bewegung vorbei war, irgendwo endete. Schon damals, als Leiter des Interventionsb\u00fcros beim Regionalvorstand, organisierte ich Versammlungen in praktisch allen Betrieben in Przemy\u015bl, die in der ersten Phase nicht der Gewerkschaft Solidarit\u00e4t beigetreten waren, d.h. bei diesen Wahlen im Gemeinschaftsraum des Taubstummenheims. Und davon gab es wahrscheinlich 150, so dass die Besch\u00e4ftigten dieser anderen Betriebe in einer Urabstimmung entschieden: entweder in der alten Gewerkschaft zu bleiben oder der Solidarno? Und alle haben f\u00fcr die Solidarit\u00e4t gestimmt, auch die Vorsitzenden der alten Gewerkschaften, die Direktoren der Betriebe und die Vorsitzenden der Genossenschaften. Es war im Januar\/Februar 1981, als unsere Gewerkschaft bereits voll funktionsf\u00e4hig war und Monat f\u00fcr Monat wie der sprichw\u00f6rtliche Schneeball an Mitgliedern zulegte.&nbsp;<\/p>\n\n\n\n<p><strong>Vit:<\/strong><\/p>\n\n\n\n<p>Neben Czesiek Kijanka, dem Vorsitzenden des \u00fcberbetrieblichen Gr\u00fcndungsausschusses der NSZZ \"Solidarit\u00e4t\" in Przemy\u015bl, wurden drei stellvertretende Vorsitzende gew\u00e4hlt: Kazimierz Ziobro aus Jaros\u0142aw und Gienek Opacki und Andrzej Kucharski aus Przemy\u015bl. Gew\u00e4hlt wurde auch das Pr\u00e4sidium des MKZ, das unmittelbar nach der Sitzung seine Beratungen f\u00fchrte. Ich habe mich mit folgendem Vorschlag an diese Gruppe gewandt: <em>\"Meine Damen und Herren, es w\u00e4re sehr nett von Ihnen, wenn Sie einen solchen Beschluss fassen w\u00fcrden, dass ich das Recht habe, an den Sitzungen des Pr\u00e4sidiums teilzunehmen, mit dem Recht, meine Meinung zu einem Thema zu \u00e4u\u00dfern, aber nat\u00fcrlich ohne Stimmrecht, da ich nicht den Arbeitsplatz vertrete\".<\/em> Und das Pr\u00e4sidium hat einen solchen Beschluss gefasst. Von diesem Moment an konnte ich das MKZ bereits formell vertreten, wenn auch ohne Sitz, ohne technisches Ger\u00e4t und ohne Bezahlung. Das Wichtigste war, dass ich anfangen konnte, innerhalb des Pr\u00e4sidiums rechtlich zu handeln.<\/p>\n\n\n\n<p>Zun\u00e4chst bem\u00fchten wir uns beim Gouverneur von Przemysl, Andrzej Wojciechowski, um die Bereitstellung von R\u00e4umlichkeiten f\u00fcr die Solidarit\u00e4t. Solche R\u00e4umlichkeiten wurden uns in dem Geb\u00e4ude an der Kamienny Most (Steinerne Br\u00fccke) tats\u00e4chlich gew\u00e4hrt, wenn auch zu einem etwas sp\u00e4teren Zeitpunkt. Wir haben sogar ein Auto bekommen.<\/p>\n\n\n\n<p><strong>&nbsp;&nbsp;&nbsp; <\/strong><strong>&nbsp;7) Informationst\u00e4tigkeiten&nbsp;<\/strong><\/p>\n\n\n\n<p><strong>Vit:<\/strong><\/p>\n\n\n\n<p>In einer sp\u00e4teren Sitzung habe ich das Pr\u00e4sidium darauf aufmerksam gemacht, dass die <em>\"Bisher ist die Informationst\u00e4tigkeit unsere Achillesferse\".<\/em>&nbsp; Also schlug ich die Gr\u00fcndung unserer Gewerkschaftszeitschrift vor. In dieser Angelegenheit wurde ich von dem Vizepr\u00e4sidenten Gienio Opacki sehr unterst\u00fctzt. Der Sprecher war Wojciech \u0141ukaszek, der die Idee ebenfalls begr\u00fc\u00dfte. Und so wurde ein vierk\u00f6pfiger Redaktionsausschuss gebildet. Zu Beginn habe ich eine Vignette vorbereitet, die vom Team akzeptiert wurde. Als wir den Inhalt der Ausgabe zusammengestellt und f\u00fcr den Druck vorbereitet hatten, tauchte ein Problem auf: Wer sollte die erste Ausgabe mit seinem Namen unterschreiben? Da es keine Interessenten gab, schlug ich vor, den Redaktionsausschuss als Autor zu benennen, in dessen Namen ich unterschreiben w\u00fcrde. Und genau das haben wir mit dieser ersten Ausgabe getan, die nach dem Druck anhand einer Verteilerliste an jeden Betriebsausschuss und an das Nationalarchiv geschickt wurde.<\/p>\n\n\n\n<p>Am n\u00e4chsten Tag kam Czesiu Kijanka mit einem Groll zu mir: <em>\"Witek, du kannst nicht f\u00fcr die Redaktion unterschreiben, sonst kratzen mir die Gewerkschafter die Augen aus.\" <\/em>&nbsp;Nun, so hatten bereits die n\u00e4chsten Ausgaben eine \u00dcberschrift: \"Redaktion\" mit den Namen aller Mitglieder des Redaktionsbeirats. Und so ging es weiter, bis Adam Szostkiewicz von der Lehrersektion der Gewerkschaft zum Pressesprecher gew\u00e4hlt wurde und in die Redaktion der Zeitschrift eintrat. Von da an signierte er die Ausgaben des Magazins selbst. &nbsp;<\/p>\n\n\n\n<p><strong>8) Interventionsb\u00fcro<\/strong><\/p>\n\n\n\n<p><strong>&nbsp;Adam:<\/strong><\/p>\n\n\n\n<p>Als ich Mitglied der Regionalleitung S\u00fcdost war, wurde ich mit der Leitung des Interventionsb\u00fcros in der Regionalleitung betraut. Meine Fabrik hat mich f\u00fcr zwei Tage pro Woche dorthin entsandt. Wir nahmen unsere T\u00e4tigkeit auf, sobald die Region, wenn ich mich recht erinnere, Ende Dezember 1980 oder Anfang Januar 1981, R\u00e4umlichkeiten in dem Geb\u00e4ude in Stone Bridge erhielt.  Ich erinnere mich, dass die Anf\u00e4nge schwierig waren, auch weil es gro\u00dfe Probleme mit der Heizung im vierten Stock des Geb\u00e4udes gab. Wir haben jedoch von Anfang an sehr intensiv gearbeitet. Eine Reihe von Anw\u00e4lten half uns selbstlos (darunter Ryszard G\u00f3ral, Stefan Czejkowski und Zygmunt Ko\u015bciuk), und wir \u00fcbernahmen Parteien. Die F\u00e4lle, die an uns herangetragen wurden und bei denen wir interveniert haben, waren unterschiedlicher Art.<\/p>\n\n\n\n<p>Das Hauptaugenmerk des Amtes lag nat\u00fcrlich auf Interventionen, die Gewerkschaftsmitglieder betrafen. Meistens handelte es sich dabei um gewerkschaftliche Angelegenheiten sowie um Fragen der Arbeitnehmer in den Betrieben, z. B. bei der Zuweisung von Wohnraum. Nicht gewerkschaftliche Angelegenheiten waren scheinbar zweitrangig, aber ebenfalls wichtig und oft sehr schwierig. Wir wurden von vielen Menschen au\u00dferhalb der Gewerkschaft angesprochen, die das Gef\u00fchl hatten, dass ihnen durch das kommunistische System \u00fcber viele Jahre hinweg Unrecht widerfahren war. Sie wussten, dass die Solidarno?? die einzige Opposition zu den staatlichen Beh\u00f6rden war, und so suchten sie Hilfe bei uns. Wie k\u00f6nnten wir sie also ablehnen? Sie brachten die einschl\u00e4gigen Unterlagen aus den letzten 20 oder 25 Jahren in unser B\u00fcro und glaubten, dass sie dank unserer Intervention zum Beispiel etwas zur\u00fcckerhalten k\u00f6nnten, das sie aufgrund von Entscheidungen der staatlichen Beh\u00f6rden verloren hatten. Und so weit wie m\u00f6glich<\/p>\n\n\n\n<p><\/p>\n\n\n\n<p>Unterst\u00fctzung durch unsere Anw\u00e4lte erhalten. H\u00e4ufig handelte es sich dabei auch um F\u00e4lle, in denen es z. B. um die Gew\u00e4hrung von Leistungen durch die umliegenden Gemeinden an Geringverdiener ging. Die Solidarit\u00e4t der Einzelbauern steckte noch in den Kinderschuhen, so dass wir uns auch mit solchen F\u00e4llen befassen mussten. Die Beliebtheit des Interventionsb\u00fcros lag nat\u00fcrlich auch darin begr\u00fcndet, dass wir unsere Hilfe v\u00f6llig kostenlos anboten.<\/p>\n\n\n\n<p>Ich muss hier zugeben, dass das Verh\u00e4ltnis unseres Interventionsb\u00fcros zu den Vertretern der staatlichen Beh\u00f6rden gut und sachlich war. Wir wurden nicht unterdr\u00fcckt. In dem Moment, in dem die Beh\u00f6rden das Gr\u00fcndungskomitee der Region S\u00fcd-Ost der NSZZ \"Solidarit\u00e4t\" anerkannten, war es, als h\u00e4tten sie eine Anweisung von oben erhalten: \"Gib ihnen, was sie wollen\". Man kann sich nat\u00fcrlich denken, dass die Erg\u00e4nzung zu dieser Richtlinie die Schlussfolgerung war: \"und sie werden sich selbst erledigen\". Aber das kommt erst sp\u00e4ter. Am Anfang, in den Monaten von Januar bis April 1981, erhielten wir gute Hilfe. Unsere Briefe wurden immer beantwortet, die Angelegenheiten wurden erledigt. Mit einem Wort, wir wurden ernst genommen. Der Gouverneur von Przemysl, Andrzej Wojciechowski, empfing uns zu Gespr\u00e4chen, und sogar der erste Sekret\u00e4r des Provinzkomitees der PZPR, Zdzislaw Drewniowski, kam ein- oder zweimal zu unseren Treffen.<\/p>\n\n\n\n<p><strong>9) Hilfe bei der Organisation der Solidarit\u00e4t im l\u00e4ndlichen Raum<\/strong> &nbsp;&nbsp;&nbsp;&nbsp;<\/p>\n\n\n\n<p><strong>Vit:<\/strong><\/p>\n\n\n\n<p>Als sich unsere Gewerkschaft in immer mehr Betrieben zu entwickeln begann, bat ich das Pr\u00e4sidium des Regionalvorstandes um die Erlaubnis, bei der Organisation der l\u00e4ndlichen Solidarit\u00e4t unter den einzelnen Landwirten mitzuwirken. Ich argumentierte, dass sich viele Dorfbewohner mit ihren typisch landwirtschaftlichen, typisch l\u00e4ndlichen Problemen an die Interventionsstelle wenden w\u00fcrden. Ich erhielt die Erlaubnis, und so begann ich, die umliegenden D\u00f6rfer zu besuchen. Ich hielt Treffen mit Landwirten ab, bei denen ich sie ermutigte, sich nach dem Beispiel der Solidarit\u00e4t am Arbeitsplatz zu organisieren. Ich erkl\u00e4rte, dass es bei der gesamten Solidarit\u00e4tsbewegung darum geht, eine Art Gastgeber im eigenen Haus zu sein. Und deshalb m\u00fcssen Sie sich organisieren, Ihre Vertreter w\u00e4hlen und Ihre Interessen gemeinsam verteidigen, denn niemand sonst wird es tun. Die in den Betrieben arbeitenden St\u00e4dter werden f\u00fcr die Belange ihrer Arbeitnehmer k\u00e4mpfen, sie werden ihre Interessen und die ihrer Familien verteidigen.<\/p>\n\n\n\n<p>Und so ging es weiter, der Faden der Vereinbarung unserer Gewerkschaft mit den Gewerkschaften, die gerade in zahlreichen D\u00f6rfern der Woiwodschaft Przemy\u015bl entstanden waren. Es war Anfang Januar 1981, als es in Ustrzyki Dolne einen Bauernstreik gab. Damals erm\u00e4chtigte mich das Pr\u00e4sidium, im Namen des Gr\u00fcndungskomitees der Region S\u00fcd-Ost der NSZZ \"Solidarno\u015b\u0107\" dorthin zu reisen.<\/p>\n\n\n\n<p><\/p>\n\n\n\n<p><strong>10) Auf Vollzeitbasis im Pr\u00e4sidium des Regionalvorstandes. &nbsp;&nbsp;<\/strong><\/p>\n\n\n\n<p><strong>Vit:<\/strong><\/p>\n\n\n\n<p>Wenn ich mich recht erinnere, wurde ich auf der April-Sitzung des Regionalvorstands, d.h. in Anwesenheit von Vertretern aus allen Betrieben, vorgeschlagen, in das Pr\u00e4sidium des Vorstands gew\u00e4hlt zu werden. Ich schrieb gerade etwas in der Zentrale der Region, als ich in den Sitzungssaal gerufen wurde. Es stellte sich heraus, dass ich mit einer Enthaltung gew\u00e4hlt worden war. So wurde ich einer der legitimen, offiziellen Vertreter des Vorstands der Region S\u00fcd-Ost der Gewerkschaft NSZZ Solidarno\u015b\u0107. Au\u00dferdem wurde mir eine Vollzeitstelle als Angestellter der Regionalverwaltung bewilligt, da ich zuvor umsonst und ohne Bezahlung gearbeitet hatte.<\/p>\n\n\n\n<p>So begann ich, regelm\u00e4\u00dfig mit meinem Firmenwagen (mein Bruder Adam erkl\u00e4rte sich bereit, als Fahrer zu fungieren) nach Danzig und Warschau zu fahren, um alle notwendigen Materialien und Informationen zu sammeln, sowie zu Konferenztreffen mit Lech Wa\u0142\u0119sa. Meine Aufgabe war es auch, wichtige Leute aus der Opposition zu den Treffen in Przemy\u015bl zu bringen. Es handelte sich um bekannte Pers\u00f6nlichkeiten, die etwas zu sagen hatten und sich in der Opposition und den Gewerkschaften gro\u00dfen Respekt verschafft hatten. Wie z.B. Redakteur Kisielewski, Zbigniew Romaszewski, Jacek Kuro\u0144 oder Adam Michnik, der \u00fcbrigens die Ideale der Solidarno\u015b\u0107 noch nicht verraten hatte, wie er es nach den Treffen am Runden Tisch tat.<\/p>\n\n\n\n<p>Also brachte ich bekannte Gewerkschaftspers\u00f6nlichkeiten nach Przemy\u015bl, organisierte f\u00fcr sie Treffen mit Gewerkschaftsmitgliedern, sorgte f\u00fcr R\u00e4umlichkeiten und auch f\u00fcr eine gewisse Sicherheit. Eine ebenso wichtige Aufgabe f\u00fcr mich war es, die Gewerkschaftspresse ins Spiel zu bringen, denn Masowien und Danzig druckten auf Hochtouren, w\u00e4hrend wir in Przemy\u015bl nur einen Vervielf\u00e4ltiger hatten.<\/p>\n\n\n\n<p>Einmal kam Marek Kaminski, der bei der Graphischen Fabrik arbeitet, zu mir und sagte:<br><em>\"Was macht ihr da mit dem Duplikator? Ihr Jungs braucht einen Drucker.\"<\/em> &nbsp;Also bat ich ihn um Hilfe, um eine solche Druckerei nach Przemy\u015bl zu bringen. Es gelang uns und wir richteten eine Druckerei in einem Geb\u00e4ude in der Barska-Stra\u00dfe ein. Wir hatten dort drei Drucker. Ich hatte keine Ahnung vom Drucken, aber Marek hat uns geholfen. Er hat mir beigebracht, wie man einen Druckerstift auslegt, er hat mir beigebracht, wie man schreibt. Dadurch konnte das Magazin unserer Region bereits attraktiver und professioneller gestaltet werden.<\/p>\n\n\n\n<p><strong>11) Das Drama vom 13. Dezember 81.<\/strong><\/p>\n\n\n\n<p><strong>Adam:<\/strong><\/p>\n\n\n\n<p>Und dann kam das Drama vom 13. Dezember 1981: Sie verhafteten mich in der Nacht. Sie holten mich um 24.42 Uhr in unserer Wohnung ab. Wir hatten zwar mit einer solchen Situation gerechnet und sogar oft dar\u00fcber gesprochen, aber die Verh\u00e4ngung des Kriegsrechts und die Verhaftung waren ein Schock. Wir wussten nicht, wohin sie uns bringen w\u00fcrden und wie es enden w\u00fcrde.<\/p>\n\n\n\n<p>Sie f\u00fchrten mich zusammen mit mehreren anderen Gewerkschaftern in den Innenhof neben dem Geb\u00e4ude des Sicherheitsdienstes in der St. John's Street. Es war nicht viele Meter von dem Haus entfernt, in dem wir wohnten. Ich konnte die Wand unserer Wohnung sehen, die an diesen Hof grenzte, und unsere Mutter, die aus dem Fenster schaute. Als sie mich in das SB-Geb\u00e4ude f\u00fchrten, schwelte in mir nur noch eine Frage: Ist mein Bruder Witek da? Der Gemeinschaftsraum war voll von Menschen. Er war schon da, weil sie ihn vorher aufgerollt hatten. Ich sah ihn in der Ecke des Raumes kauern. <strong>&nbsp;&nbsp;&nbsp;&nbsp;&nbsp;&nbsp;&nbsp;&nbsp;&nbsp;&nbsp;&nbsp;&nbsp;&nbsp;&nbsp;&nbsp;&nbsp;&nbsp;&nbsp;&nbsp; &nbsp;<\/strong><\/p>\n\n\n\n<p><strong>Mit<\/strong>:<\/p>\n\n\n\n<p>Sie behielten uns bis zum Morgen dort. Im Morgengrauen wurden wir einer nach dem anderen entlang einer Reihe von SS-M\u00e4nnern zu einem wartenden Bus gef\u00fchrt. Gl\u00fccklicherweise haben sie keinen \"Gesundheitspfad\" f\u00fcr uns geschaffen. Als der Bus losfuhr, stellten wir uns immer wieder die Frage: Wo werden sie uns hinbringen? Geht es nicht um die Sowjets, um die \"wei\u00dfen B\u00e4ren\"?  Erst als der Bus \u00fcber die Br\u00fccke fuhr und nach rechts abbog, in Richtung Pra\u0142kowiec und Krasiczyn, atmete ich auf. Es bedeutete, dass es eine \u00dcberlebenschance gab.<\/p>\n\n\n\n<p>Offenbar fuhren wir in Richtung Bieszczady-Gebirge. Wir ahnten, dass wir zum n\u00e4chstgelegenen Gef\u00e4ngnis fahren w\u00fcrden, n\u00e4mlich nach Uherzec. Doch die Jungs lie\u00dfen sich nicht entmutigen. Jemand hat einen Bleistift und einige Zettel eingeschmuggelt. Wir haben darauf geschrieben, dass Solidarit\u00e4tsaktivisten aus Przemy\u015bl in das Gef\u00e4ngnis in Uherce gebracht wurden. Es gelang uns, sie aus dem Fenster zu werfen, obwohl hinten und vorne im Bus mehrere SS-M\u00e4nner mit automatischen Maschinen sa\u00dfen. Ich wei\u00df nicht, was einer von ihnen zu Stasi P\u0142atko sagte, dass er pl\u00f6tzlich aufsprang, sein Hemd an der Brust aufriss und schrill kreischte: <em>\"Dann erschie\u00df mich doch, du Mistkerl! Schie\u00dfen Sie, worauf Sie warten!<\/em><\/p>\n\n\n\n<p>Wir fahren bereits zu diesem Gef\u00e4ngnis in Uherce vor. Eine riesige Fl\u00e4che, ein Eisengitter, eine zwei Meter gro\u00dfe L\u00fccke und sofort ein weiteres Gitter. Wacht\u00fcrme zwischen den Gittern. Sie f\u00fchren uns im G\u00e4nsemarsch hinein. Wir gehen an einer Reihe von Wachen entlang, die Gewehre in der Hand halten und abseits stehen, mit bellenden Wolfshunden an ihrer Seite. Eine Szene wie aus einem Film \u00fcber die Todeslager der Nazis. Gl\u00fccklicherweise haben sie auch hier keinen \"Gesundheitspfad\" f\u00fcr uns geschaffen. sage ich zu meinem Bruder: <em>Bleib in meiner N\u00e4he, Adam, dann werden wir vielleicht nicht getrennt sein.<\/em>.<\/p>\n\n\n\n<p><strong>Adam:<\/strong><\/p>\n\n\n\n<p>Mir wurde klar, dass sie neun Personen in eine Zelle steckten. Wir sind umgezogen und haben so gerechnet, dass wir in einer Neun sind. Und es hat geklappt. Sie haben uns in dieselbe gesteckt.<\/p>\n\n\n\n<p><strong>Vit: &nbsp;<\/strong><\/p>\n\n\n\n<p>Aber auch dann kann es noch schief gehen. Als wir die Zelle betraten, war die T\u00fcr hinter uns verschlossen, aber nach einer Weile klapperte das Schloss wieder und eine Wache stand im T\u00fcrrahmen. <em>- Einer zu viel in der Zelle!<\/em> - rief er befehlend. Nun, da ist sie wieder, die Angst, dass wir getrennt werden k\u00f6nnten. Doch pl\u00f6tzlich sah uns Jaroslav Kryk, der neben uns stand, an und ging langsam aus der Zelle. Wir haben aufgeatmet.&nbsp; &nbsp;<\/p>\n\n\n\n<p><\/p>\n\n\n\n<p><strong>Marius:<\/strong><\/p>\n\n\n\n<p>Diese aus dem Busfenster geworfenen Zettel erreichten irgendwie am n\u00e4chsten Tag Solidarnosc-Aktivisten in Lesko, und \u00fcber sie auch mich. Also fuhr ich nach Uherzec, um zu sehen, ob Witek und Adam dort waren. An Ort und Stelle erhielt ich eine solche Best\u00e4tigung und die Erlaubnis, sie zu sehen. Mit Erstaunen stellte ich fest, dass sie keinerlei Anzeichen eines Zusammenbruchs aufwiesen. Sie scherzten sogar, dass wir die Kleidung tauschen k\u00f6nnten und einer von ihnen anstelle von mir das Gef\u00e4ngnis verlassen k\u00f6nnte, nachdem die Besichtigung vorbei war.&nbsp;<\/p>\n\n\n\n<p>Das zweite Mal besuchte ich sie an Heiligabend, zusammen mit meinem Ehepartner.  Im Dezember waren die Wachen noch recht nachsichtig mit den dort internierten Aktivisten, so dass wir ohne Probleme eine Besuchserlaubnis erhielten. Ab Januar war es jedoch keine Seltenheit, dass Besuchsfamilien der Besuch verweigert wurde. Wir haben ihnen Heiligabend Borschtsch mit Ravioli in einer Thermoskanne mitgebracht. Es war ein sehr bewegender Heiligabend f\u00fcr uns.&nbsp; &nbsp;<\/p>\n\n\n\n<p><strong>Adam:<\/strong><\/p>\n\n\n\n<p>Nach mehr als vierzig Tagen des Schmachtens und einer ekelhaften Di\u00e4t aus Brei mit W\u00fcrmern wurden die Menschen nach und nach freigelassen. Irgendwann im M\u00e4rz gab es einen Moment, in dem nur wir beide und mein Bruder in dieser Zelle waren. Ende M\u00e4rz lie\u00dfen sie auch mich frei und brachten Witek in ein anderes Gef\u00e4ngnis.<\/p>\n\n\n\n<p><strong>Vit:<\/strong><\/p>\n\n\n\n<p>Von Uherzec aus brachten sie mich in das Gef\u00e4ngnis in Nowy \u0141upk\u00f3w, dann nach Za\u0142\u0119\u017c bei Rzesz\u00f3w und schlie\u00dflich nach Kielce. Und ich wurde erst am 17. November entlassen. Jedenfalls haben sie in dem Dokument gelogen und geschrieben, dass ich zwei Tage fr\u00fcher entlassen worden sei. Und am 15. November kam unsere Mutter zu mir, zusammen mit Andrzej Tumidajski und jemand anderem. Am Tor wurde ihnen jedoch mitgeteilt, dass an diesem Tag kein Besuch m\u00f6glich sei. Nur eine zus\u00e4tzliche Ma\u00dfnahme der Rache.<\/p>\n\n\n\n<p>Das Gute an dieser Tortur im Gef\u00e4ngnis war, dass die Solidarnosc-Aktivisten, die in Freiheit waren, uns nicht vergessen haben. Auch die Di\u00f6zese Przemy\u015bl erinnerte sich an uns, in deren Namen Monsignore Stanis\u0142aw Czenczek ein Hilfskomitee f\u00fcr internierte Solidarnosc-Aktivisten in der Pfarrei Heilige Dreifaltigkeit in Przemy\u015bl organisierte. So wurden wir mit normalen, guten Lebensmitteln in Paketen versorgt, die uns gebracht wurden. Wir haben uns auch \u00fcber die gut organisierte Hilfe f\u00fcr unsere Familien gefreut, die auch von unseren Solidarity-Kollegen in Freiheit mit Paketen unterst\u00fctzt wurden. &nbsp;&nbsp;<\/p>\n\n\n\n<p>&nbsp;<strong>Adam:<\/strong><\/p>\n\n\n\n<p>Nach meiner Entlassung war ich auch im Ausschuss von Pater Czenczek aktiv. Die Sicherheitspolizei hat uns jedoch keine Ruhe gelassen. Ich nahm meine Arbeit bei POM wieder auf, aber jeden Mittwoch erinnerte mich der Direktor daran, dass ich mich um drei Uhr nachmittags in der Zentrale des Sicherheitsdienstes melden musste. Und dort versuchten sie st\u00e4ndig, mir Informationen \u00fcber meine Kollegen zu entlocken, die im Solidarnosc-Untergrund aktiv waren. Witek wurde in \u00e4hnlicher Weise schikaniert. Wir hatten genug davon und beschlossen, auszuwandern. Ich ging in die USA und Witek w\u00e4hlte Kanada. Wir vermissten Polen, und als der Albtraum des Kommunismus vorbei war, waren wir froh, in unser Land zur\u00fcckzukehren.<\/p>\n\n\n\n<p><strong><em>Interview gef\u00fchrt und bearbeitet von Jacek Borz\u0119cki<\/em><\/strong><\/p>\n\n\n\n<p>.<\/p>\n\n\n\n<p><\/p>\n\n\n\n<p><\/p>","protected":false},"excerpt":{"rendered":"<p>Powstawanie \u201eSolidarno\u015bci\u201d w Przemy\u015blu \u2013 na przyk\u0142adzie dzia\u0142alno\u015bci braci Siwc\u00f3w: Wita, Mariusza i Adama 1) Pocz\u0105tki dzia\u0142alno\u015bci opozycyjnej Wita Siwca . Z ENCYKLOPEDII SOLIDARNO\u015aCI IPN Wit&nbsp;Eugeniusz&nbsp;Siwiec, ur.&nbsp;13 VII 1952 w&nbsp;Przemy\u015blu. Absolwent Technikum Rolniczo-\u0141\u0105karskiego w&nbsp;Przemy\u015blu (1972). 1974\u20131975 nauczyciel w&nbsp;SP w&nbsp;Sielnicy, 1976\u20131977 https:\/\/encysol.pl\/es\/encyklopedia\/biogramy\/18628,Siwiec-Wit-Eugeniusz.html?search=792082169 . Od autora: Jak wiadomo, w rezultacie masowych strajk\u00f3w robotniczych w czerwcu 1976 roku, [&hellip;]<\/p>","protected":false},"author":4,"featured_media":6794,"comment_status":"open","ping_status":"open","sticky":false,"template":"","format":"standard","meta":{"footnotes":""},"categories":[36,14],"tags":[],"_links":{"self":[{"href":"https:\/\/archiwumwolnosci.pl\/de\/wp-json\/wp\/v2\/posts\/2032"}],"collection":[{"href":"https:\/\/archiwumwolnosci.pl\/de\/wp-json\/wp\/v2\/posts"}],"about":[{"href":"https:\/\/archiwumwolnosci.pl\/de\/wp-json\/wp\/v2\/types\/post"}],"author":[{"embeddable":true,"href":"https:\/\/archiwumwolnosci.pl\/de\/wp-json\/wp\/v2\/users\/4"}],"replies":[{"embeddable":true,"href":"https:\/\/archiwumwolnosci.pl\/de\/wp-json\/wp\/v2\/comments?post=2032"}],"version-history":[{"count":15,"href":"https:\/\/archiwumwolnosci.pl\/de\/wp-json\/wp\/v2\/posts\/2032\/revisions"}],"predecessor-version":[{"id":6799,"href":"https:\/\/archiwumwolnosci.pl\/de\/wp-json\/wp\/v2\/posts\/2032\/revisions\/6799"}],"wp:featuredmedia":[{"embeddable":true,"href":"https:\/\/archiwumwolnosci.pl\/de\/wp-json\/wp\/v2\/media\/6794"}],"wp:attachment":[{"href":"https:\/\/archiwumwolnosci.pl\/de\/wp-json\/wp\/v2\/media?parent=2032"}],"wp:term":[{"taxonomy":"category","embeddable":true,"href":"https:\/\/archiwumwolnosci.pl\/de\/wp-json\/wp\/v2\/categories?post=2032"},{"taxonomy":"post_tag","embeddable":true,"href":"https:\/\/archiwumwolnosci.pl\/de\/wp-json\/wp\/v2\/tags?post=2032"}],"curies":[{"name":"wp","href":"https:\/\/api.w.org\/{rel}","templated":true}]}}