{"id":4015,"date":"2022-10-26T08:33:00","date_gmt":"2022-10-26T08:33:00","guid":{"rendered":"https:\/\/archiwumwolnosci.pl\/?p=4015"},"modified":"2023-04-03T10:27:37","modified_gmt":"2023-04-03T10:27:37","slug":"strych-kulturalny-pismo-literackie-i","status":"publish","type":"post","link":"https:\/\/archiwumwolnosci.pl\/cs\/strych-kulturalny-pismo-literackie-i\/","title":{"rendered":"\"Kulturn\u00ed podkrov\u00ed\" - liter\u00e1rn\u00ed \u010dasopis a..."},"content":{"rendered":"<p><\/p>\n\n\n\n<p><\/p>\n\n\n\n<p>\"<strong>Kulturn\u00ed podkrov\u00ed<\/strong> nen\u00ed jen n\u00e1zev liter\u00e1rn\u00edho a v\u00fdtvarn\u00e9ho \u010dasopisu, ale tak\u00e9 m\u00edsto setk\u00e1v\u00e1n\u00ed skupiny p\u0159\u00e1tel, kte\u0159\u00ed tvo\u0159\u00ed nez\u00e1visl\u00fd kulturn\u00ed okruh. Je to adaptovan\u00e1 p\u016fda rodinn\u00e9ho domu, pln\u00e1 um\u011bleck\u00fdch d\u011bl, obraz\u016f a knih, ze kter\u00e9 je vid\u011bt na okoln\u00ed kopce. P\u0159ed domem se rozkl\u00e1d\u00e1 star\u00fd ovocn\u00fd sad s n\u011bkolika des\u00edtkami let star\u00fdmi rozlo\u017eit\u00fdmi jablon\u011bmi a nekosenou kv\u011btnatou loukou. V\u0161ude spousta zelen\u011b. Z perspektivy podkrov\u00ed jsme se d\u00edvali na okoln\u00ed sv\u011bt a nezapom\u00ednali jsme ani na existenci \"podzem\u00ed\". \u017dili jsme tedy pon\u011bkud dualisticky: pracovali jsme, starali se o ka\u017edodenn\u00ed z\u00e1le\u017eitosti podle komunistick\u00fdch pravidel, ale duchovn\u011b vedle toho. N\u00e1zev \u010dasopisu tak\u00e9 odkazoval na d\u011bdictv\u00ed generac\u00ed: zapr\u00e1\u0161en\u00e9, opu\u0161t\u011bn\u00e9 n\u011bkde na p\u016fd\u011b, ale bez n\u011bho\u017e by byl pohled na komunitu ne\u00fapln\u00fd.\" <em>(Marek Kuchci\u0144ski)<\/em><\/p>\n\n\n\n<p><\/p>\n\n\n\n<p>.<\/p>\n\n\n\n<figure class=\"wp-block-gallery has-nested-images columns-default is-cropped wp-block-gallery-1 is-layout-flex wp-block-gallery-is-layout-flex\">\n<figure class=\"wp-block-image size-large\"><a href=\"https:\/\/archiwumwolnosci.pl\/wp-content\/uploads\/2022\/11\/IMG_8552.jpg\"><img fetchpriority=\"high\" decoding=\"async\" width=\"1024\" height=\"753\" data-id=\"4899\" src=\"https:\/\/archiwumwolnosci.pl\/wp-content\/uploads\/2022\/11\/IMG_8552-1024x753.jpg\" alt=\"\" class=\"wp-image-4899\" srcset=\"https:\/\/archiwumwolnosci.pl\/wp-content\/uploads\/2022\/11\/IMG_8552-1024x753.jpg 1024w, https:\/\/archiwumwolnosci.pl\/wp-content\/uploads\/2022\/11\/IMG_8552-300x221.jpg 300w, https:\/\/archiwumwolnosci.pl\/wp-content\/uploads\/2022\/11\/IMG_8552-768x565.jpg 768w, https:\/\/archiwumwolnosci.pl\/wp-content\/uploads\/2022\/11\/IMG_8552-16x12.jpg 16w, https:\/\/archiwumwolnosci.pl\/wp-content\/uploads\/2022\/11\/IMG_8552.jpg 1400w\" sizes=\"(max-width: 1024px) 100vw, 1024px\" \/><\/a><figcaption class=\"wp-element-caption\">Home <em>podkrov\u00ed <\/em>zven\u010d\u00ed, 80. l\u00e9ta 20. stolet\u00ed.<\/figcaption><\/figure>\n\n\n\n<figure class=\"wp-block-image size-large\"><a href=\"https:\/\/archiwumwolnosci.pl\/wp-content\/uploads\/2022\/11\/Na-tym-zdjeciu-moja-mama-trzyma-pocztowke-recznie-wykonana-z-poczta-podziemnej-Solidarnosci.jpg\"><img decoding=\"async\" width=\"1024\" height=\"760\" data-id=\"4897\" src=\"https:\/\/archiwumwolnosci.pl\/wp-content\/uploads\/2022\/11\/Na-tym-zdjeciu-moja-mama-trzyma-pocztowke-recznie-wykonana-z-poczta-podziemnej-Solidarnosci-1024x760.jpg\" alt=\"\" class=\"wp-image-4897\" srcset=\"https:\/\/archiwumwolnosci.pl\/wp-content\/uploads\/2022\/11\/Na-tym-zdjeciu-moja-mama-trzyma-pocztowke-recznie-wykonana-z-poczta-podziemnej-Solidarnosci-1024x760.jpg 1024w, https:\/\/archiwumwolnosci.pl\/wp-content\/uploads\/2022\/11\/Na-tym-zdjeciu-moja-mama-trzyma-pocztowke-recznie-wykonana-z-poczta-podziemnej-Solidarnosci-300x223.jpg 300w, https:\/\/archiwumwolnosci.pl\/wp-content\/uploads\/2022\/11\/Na-tym-zdjeciu-moja-mama-trzyma-pocztowke-recznie-wykonana-z-poczta-podziemnej-Solidarnosci-768x570.jpg 768w, https:\/\/archiwumwolnosci.pl\/wp-content\/uploads\/2022\/11\/Na-tym-zdjeciu-moja-mama-trzyma-pocztowke-recznie-wykonana-z-poczta-podziemnej-Solidarnosci-16x12.jpg 16w, https:\/\/archiwumwolnosci.pl\/wp-content\/uploads\/2022\/11\/Na-tym-zdjeciu-moja-mama-trzyma-pocztowke-recznie-wykonana-z-poczta-podziemnej-Solidarnosci.jpg 1400w\" sizes=\"(max-width: 1024px) 100vw, 1024px\" \/><\/a><figcaption class=\"wp-element-caption\">Janina Kuchci\u0144ska dr\u017e\u00ed ru\u010dn\u011b vyrobenou pohlednici podzemn\u00edho hnut\u00ed Solidarita<\/figcaption><\/figure>\n\n\n\n<figure class=\"wp-block-image size-large\"><a href=\"https:\/\/archiwumwolnosci.pl\/wp-content\/uploads\/2022\/11\/Strych-z-zewnatrz-lata-80.-1.jpg\"><img decoding=\"async\" width=\"1024\" height=\"768\" data-id=\"4908\" src=\"https:\/\/archiwumwolnosci.pl\/wp-content\/uploads\/2022\/11\/Strych-z-zewnatrz-lata-80.-1-1024x768.jpg\" alt=\"\" class=\"wp-image-4908\" srcset=\"https:\/\/archiwumwolnosci.pl\/wp-content\/uploads\/2022\/11\/Strych-z-zewnatrz-lata-80.-1-1024x768.jpg 1024w, https:\/\/archiwumwolnosci.pl\/wp-content\/uploads\/2022\/11\/Strych-z-zewnatrz-lata-80.-1-300x225.jpg 300w, https:\/\/archiwumwolnosci.pl\/wp-content\/uploads\/2022\/11\/Strych-z-zewnatrz-lata-80.-1-768x576.jpg 768w, https:\/\/archiwumwolnosci.pl\/wp-content\/uploads\/2022\/11\/Strych-z-zewnatrz-lata-80.-1-16x12.jpg 16w, https:\/\/archiwumwolnosci.pl\/wp-content\/uploads\/2022\/11\/Strych-z-zewnatrz-lata-80.-1.jpg 1400w\" sizes=\"(max-width: 1024px) 100vw, 1024px\" \/><\/a><figcaption class=\"wp-element-caption\">Home <em>podkrov\u00ed<\/em> zven\u010d\u00ed, 80. l\u00e9ta 20. stolet\u00ed.<\/figcaption><\/figure>\n<\/figure>\n\n\n\n<figure class=\"wp-block-gallery has-nested-images columns-default is-cropped wp-block-gallery-2 is-layout-flex wp-block-gallery-is-layout-flex\">\n<figure class=\"wp-block-image size-large\"><a href=\"https:\/\/archiwumwolnosci.pl\/wp-content\/uploads\/2022\/11\/to-zdjecie-ogrodow-Strychu.jpg\"><img loading=\"lazy\" decoding=\"async\" width=\"1024\" height=\"691\" data-id=\"4889\" src=\"https:\/\/archiwumwolnosci.pl\/wp-content\/uploads\/2022\/11\/to-zdjecie-ogrodow-Strychu-1024x691.jpg\" alt=\"\" class=\"wp-image-4889\" srcset=\"https:\/\/archiwumwolnosci.pl\/wp-content\/uploads\/2022\/11\/to-zdjecie-ogrodow-Strychu-1024x691.jpg 1024w, https:\/\/archiwumwolnosci.pl\/wp-content\/uploads\/2022\/11\/to-zdjecie-ogrodow-Strychu-300x203.jpg 300w, https:\/\/archiwumwolnosci.pl\/wp-content\/uploads\/2022\/11\/to-zdjecie-ogrodow-Strychu-768x518.jpg 768w, https:\/\/archiwumwolnosci.pl\/wp-content\/uploads\/2022\/11\/to-zdjecie-ogrodow-Strychu-18x12.jpg 18w, https:\/\/archiwumwolnosci.pl\/wp-content\/uploads\/2022\/11\/to-zdjecie-ogrodow-Strychu.jpg 1400w\" sizes=\"(max-width: 1024px) 100vw, 1024px\" \/><\/a><figcaption class=\"wp-element-caption\">Zleva: Urszula Zaleszczyk (zad), Ela Piechowicz, Zbigniew Kuchci\u0144ski (zad), Jerzy Mi\u015bkiewicz, Janina Kuchci\u0144ska, Bogus\u0142aw Zaleszczyk<\/figcaption><\/figure>\n\n\n\n<figure class=\"wp-block-image size-large\"><a href=\"https:\/\/archiwumwolnosci.pl\/wp-content\/uploads\/2022\/11\/Mieczyslaw-Kuchcinski-OMI-Francja-Zbigniew-Kuchcinski-Irena-Miskiewicz-l.-1.jpg\"><img loading=\"lazy\" decoding=\"async\" width=\"816\" height=\"1024\" data-id=\"4962\" src=\"https:\/\/archiwumwolnosci.pl\/wp-content\/uploads\/2022\/11\/Mieczyslaw-Kuchcinski-OMI-Francja-Zbigniew-Kuchcinski-Irena-Miskiewicz-l.-1-816x1024.jpg\" alt=\"\" class=\"wp-image-4962\" srcset=\"https:\/\/archiwumwolnosci.pl\/wp-content\/uploads\/2022\/11\/Mieczyslaw-Kuchcinski-OMI-Francja-Zbigniew-Kuchcinski-Irena-Miskiewicz-l.-1-816x1024.jpg 816w, https:\/\/archiwumwolnosci.pl\/wp-content\/uploads\/2022\/11\/Mieczyslaw-Kuchcinski-OMI-Francja-Zbigniew-Kuchcinski-Irena-Miskiewicz-l.-1-239x300.jpg 239w, https:\/\/archiwumwolnosci.pl\/wp-content\/uploads\/2022\/11\/Mieczyslaw-Kuchcinski-OMI-Francja-Zbigniew-Kuchcinski-Irena-Miskiewicz-l.-1-768x963.jpg 768w, https:\/\/archiwumwolnosci.pl\/wp-content\/uploads\/2022\/11\/Mieczyslaw-Kuchcinski-OMI-Francja-Zbigniew-Kuchcinski-Irena-Miskiewicz-l.-1-10x12.jpg 10w, https:\/\/archiwumwolnosci.pl\/wp-content\/uploads\/2022\/11\/Mieczyslaw-Kuchcinski-OMI-Francja-Zbigniew-Kuchcinski-Irena-Miskiewicz-l.-1.jpg 1116w\" sizes=\"(max-width: 816px) 100vw, 816px\" \/><\/a><figcaption class=\"wp-element-caption\">Mieczys\u0142aw Kuchci\u0144ski (OMI, Francie), Zbigniew Kuchci\u0144ski, Irena Mi\u015bkiewicz. <\/figcaption><\/figure>\n\n\n\n<figure class=\"wp-block-image size-large\"><a href=\"https:\/\/archiwumwolnosci.pl\/wp-content\/uploads\/2022\/11\/Pies-Judym.jpg\"><img loading=\"lazy\" decoding=\"async\" width=\"743\" height=\"1024\" data-id=\"4892\" src=\"https:\/\/archiwumwolnosci.pl\/wp-content\/uploads\/2022\/11\/Pies-Judym-743x1024.jpg\" alt=\"\" class=\"wp-image-4892\" srcset=\"https:\/\/archiwumwolnosci.pl\/wp-content\/uploads\/2022\/11\/Pies-Judym-743x1024.jpg 743w, https:\/\/archiwumwolnosci.pl\/wp-content\/uploads\/2022\/11\/Pies-Judym-218x300.jpg 218w, https:\/\/archiwumwolnosci.pl\/wp-content\/uploads\/2022\/11\/Pies-Judym-768x1058.jpg 768w, https:\/\/archiwumwolnosci.pl\/wp-content\/uploads\/2022\/11\/Pies-Judym-9x12.jpg 9w, https:\/\/archiwumwolnosci.pl\/wp-content\/uploads\/2022\/11\/Pies-Judym.jpg 1016w\" sizes=\"(max-width: 743px) 100vw, 743px\" \/><\/a><figcaption class=\"wp-element-caption\">Podkrovn\u00ed pes, Judym<\/figcaption><\/figure>\n<\/figure>\n\n\n\n<p> <\/p>\n\n\n\n<figure class=\"wp-block-gallery has-nested-images columns-default is-cropped wp-block-gallery-3 is-layout-flex wp-block-gallery-is-layout-flex\">\n<figure class=\"wp-block-image size-large\"><a href=\"https:\/\/archiwumwolnosci.pl\/wp-content\/uploads\/2022\/11\/Grazyna-Niezgoda-Zbigniew-Kuchcinski-Anglik-1.jpg\"><img loading=\"lazy\" decoding=\"async\" width=\"1024\" height=\"719\" data-id=\"4901\" src=\"https:\/\/archiwumwolnosci.pl\/wp-content\/uploads\/2022\/11\/Grazyna-Niezgoda-Zbigniew-Kuchcinski-Anglik-1-1024x719.jpg\" alt=\"\" class=\"wp-image-4901\" srcset=\"https:\/\/archiwumwolnosci.pl\/wp-content\/uploads\/2022\/11\/Grazyna-Niezgoda-Zbigniew-Kuchcinski-Anglik-1-1024x719.jpg 1024w, https:\/\/archiwumwolnosci.pl\/wp-content\/uploads\/2022\/11\/Grazyna-Niezgoda-Zbigniew-Kuchcinski-Anglik-1-300x211.jpg 300w, https:\/\/archiwumwolnosci.pl\/wp-content\/uploads\/2022\/11\/Grazyna-Niezgoda-Zbigniew-Kuchcinski-Anglik-1-768x539.jpg 768w, https:\/\/archiwumwolnosci.pl\/wp-content\/uploads\/2022\/11\/Grazyna-Niezgoda-Zbigniew-Kuchcinski-Anglik-1-18x12.jpg 18w, https:\/\/archiwumwolnosci.pl\/wp-content\/uploads\/2022\/11\/Grazyna-Niezgoda-Zbigniew-Kuchcinski-Anglik-1.jpg 1400w\" sizes=\"(max-width: 1024px) 100vw, 1024px\" \/><\/a><figcaption class=\"wp-element-caption\">Gra\u017cyna Niezgoda, Zbigniew Kuchci\u0144ski<\/figcaption><\/figure>\n<\/figure>\n\n\n\n<figure class=\"wp-block-gallery has-nested-images columns-default is-cropped wp-block-gallery-4 is-layout-flex wp-block-gallery-is-layout-flex\">\n<figure class=\"wp-block-image size-large\"><a href=\"https:\/\/archiwumwolnosci.pl\/wp-content\/uploads\/2022\/11\/Obraz84.jpg\"><img loading=\"lazy\" decoding=\"async\" width=\"1024\" height=\"673\" data-id=\"4032\" src=\"https:\/\/archiwumwolnosci.pl\/wp-content\/uploads\/2022\/11\/Obraz84-1024x673.jpg\" alt=\"\" class=\"wp-image-4032\" srcset=\"https:\/\/archiwumwolnosci.pl\/wp-content\/uploads\/2022\/11\/Obraz84-1024x673.jpg 1024w, https:\/\/archiwumwolnosci.pl\/wp-content\/uploads\/2022\/11\/Obraz84-300x197.jpg 300w, https:\/\/archiwumwolnosci.pl\/wp-content\/uploads\/2022\/11\/Obraz84-768x505.jpg 768w, https:\/\/archiwumwolnosci.pl\/wp-content\/uploads\/2022\/11\/Obraz84.jpg 1400w\" sizes=\"(max-width: 1024px) 100vw, 1024px\" \/><\/a><figcaption class=\"wp-element-caption\">Setk\u00e1n\u00ed na p\u016fd\u011b - autor s Pavlem Niemkiewiczem, listopad 1989.<\/figcaption><\/figure>\n\n\n\n<figure class=\"wp-block-image size-large\"><a href=\"https:\/\/archiwumwolnosci.pl\/wp-content\/uploads\/2022\/11\/Obraz93.jpg\"><img loading=\"lazy\" decoding=\"async\" width=\"693\" height=\"1024\" data-id=\"4033\" src=\"https:\/\/archiwumwolnosci.pl\/wp-content\/uploads\/2022\/11\/Obraz93-693x1024.jpg\" alt=\"\" class=\"wp-image-4033\" srcset=\"https:\/\/archiwumwolnosci.pl\/wp-content\/uploads\/2022\/11\/Obraz93-693x1024.jpg 693w, https:\/\/archiwumwolnosci.pl\/wp-content\/uploads\/2022\/11\/Obraz93-203x300.jpg 203w, https:\/\/archiwumwolnosci.pl\/wp-content\/uploads\/2022\/11\/Obraz93-768x1135.jpg 768w, https:\/\/archiwumwolnosci.pl\/wp-content\/uploads\/2022\/11\/Obraz93.jpg 947w\" sizes=\"(max-width: 693px) 100vw, 693px\" \/><\/a><figcaption class=\"wp-element-caption\">Setk\u00e1n\u00ed s Andrzejem Gronczewsk\u00fdm, \u0159\u00edjen 1990.<\/figcaption><\/figure>\n\n\n\n<figure class=\"wp-block-image size-large\"><a href=\"https:\/\/archiwumwolnosci.pl\/wp-content\/uploads\/2022\/11\/J.-Kuchcinska-Z-Kuchcinski-J-Kurylak-S.-Stefan-Makowiecki-1.jpg\"><img loading=\"lazy\" decoding=\"async\" width=\"707\" height=\"1024\" data-id=\"4900\" src=\"https:\/\/archiwumwolnosci.pl\/wp-content\/uploads\/2022\/11\/J.-Kuchcinska-Z-Kuchcinski-J-Kurylak-S.-Stefan-Makowiecki-1-707x1024.jpg\" alt=\"\" class=\"wp-image-4900\" srcset=\"https:\/\/archiwumwolnosci.pl\/wp-content\/uploads\/2022\/11\/J.-Kuchcinska-Z-Kuchcinski-J-Kurylak-S.-Stefan-Makowiecki-1-707x1024.jpg 707w, https:\/\/archiwumwolnosci.pl\/wp-content\/uploads\/2022\/11\/J.-Kuchcinska-Z-Kuchcinski-J-Kurylak-S.-Stefan-Makowiecki-1-207x300.jpg 207w, https:\/\/archiwumwolnosci.pl\/wp-content\/uploads\/2022\/11\/J.-Kuchcinska-Z-Kuchcinski-J-Kurylak-S.-Stefan-Makowiecki-1-768x1113.jpg 768w, https:\/\/archiwumwolnosci.pl\/wp-content\/uploads\/2022\/11\/J.-Kuchcinska-Z-Kuchcinski-J-Kurylak-S.-Stefan-Makowiecki-1-8x12.jpg 8w, https:\/\/archiwumwolnosci.pl\/wp-content\/uploads\/2022\/11\/J.-Kuchcinska-Z-Kuchcinski-J-Kurylak-S.-Stefan-Makowiecki-1.jpg 966w\" sizes=\"(max-width: 707px) 100vw, 707px\" \/><\/a><figcaption class=\"wp-element-caption\">J. Kuchci\u0144ska, Z Kuchci\u0144ski, J. Kurylak, S. Makowiecki<\/figcaption><\/figure>\n<\/figure>\n\n\n\n<figure class=\"wp-block-gallery has-nested-images columns-default is-cropped wp-block-gallery-5 is-layout-flex wp-block-gallery-is-layout-flex\">\n<figure class=\"wp-block-image size-large\"><a href=\"https:\/\/archiwumwolnosci.pl\/wp-content\/uploads\/2022\/11\/Obraz80-1.jpg\"><img loading=\"lazy\" decoding=\"async\" width=\"1024\" height=\"704\" data-id=\"4034\" src=\"https:\/\/archiwumwolnosci.pl\/wp-content\/uploads\/2022\/11\/Obraz80-1-1024x704.jpg\" alt=\"\" class=\"wp-image-4034\" srcset=\"https:\/\/archiwumwolnosci.pl\/wp-content\/uploads\/2022\/11\/Obraz80-1-1024x704.jpg 1024w, https:\/\/archiwumwolnosci.pl\/wp-content\/uploads\/2022\/11\/Obraz80-1-300x206.jpg 300w, https:\/\/archiwumwolnosci.pl\/wp-content\/uploads\/2022\/11\/Obraz80-1-768x528.jpg 768w, https:\/\/archiwumwolnosci.pl\/wp-content\/uploads\/2022\/11\/Obraz80-1.jpg 1400w\" sizes=\"(max-width: 1024px) 100vw, 1024px\" \/><\/a><figcaption class=\"wp-element-caption\">Setk\u00e1n\u00ed na p\u016fd\u011b s Markem Lillou (Harvardova univerzita), 7. \u0159\u00edjna 1989. Na sn\u00edmku zleva: Zbigniew Blukacz (mal\u00ed\u0159 ze skupiny Lodz Fabryczna), \"teta\" Moira Piekalkiewicz (Amnesty International), NN, Jerzy \"Koza\" Cepinski, Lucyna Ha\u0142asik, Zofia Broniek (Nez\u00e1visl\u00fd kulturn\u00ed v\u00fdbor).<\/figcaption><\/figure>\n\n\n\n<figure class=\"wp-block-image size-large\"><a href=\"https:\/\/archiwumwolnosci.pl\/wp-content\/uploads\/2022\/11\/Obraz82.jpg\"><img loading=\"lazy\" decoding=\"async\" width=\"1024\" height=\"697\" data-id=\"4031\" src=\"https:\/\/archiwumwolnosci.pl\/wp-content\/uploads\/2022\/11\/Obraz82-1024x697.jpg\" alt=\"\" class=\"wp-image-4031\" srcset=\"https:\/\/archiwumwolnosci.pl\/wp-content\/uploads\/2022\/11\/Obraz82-1024x697.jpg 1024w, https:\/\/archiwumwolnosci.pl\/wp-content\/uploads\/2022\/11\/Obraz82-300x204.jpg 300w, https:\/\/archiwumwolnosci.pl\/wp-content\/uploads\/2022\/11\/Obraz82-768x523.jpg 768w, https:\/\/archiwumwolnosci.pl\/wp-content\/uploads\/2022\/11\/Obraz82.jpg 1400w\" sizes=\"(max-width: 1024px) 100vw, 1024px\" \/><\/a><figcaption class=\"wp-element-caption\">Kulturn\u00ed podkrov\u00ed, autorsk\u00e9 setk\u00e1n\u00ed s oxfordskou um\u011bleckou skupinou (Cally Le Poer Trench, Alan Franklin, Helen Ganly, Roger Perkins) v z\u00e1\u0159\u00ed 1989.<\/figcaption><\/figure>\n<\/figure>\n\n\n\n<figure class=\"wp-block-gallery has-nested-images columns-default is-cropped wp-block-gallery-6 is-layout-flex wp-block-gallery-is-layout-flex\">\n<figure class=\"wp-block-image size-large\"><a href=\"https:\/\/archiwumwolnosci.pl\/wp-content\/uploads\/2022\/11\/Obraz791.jpg\"><img loading=\"lazy\" decoding=\"async\" width=\"1024\" height=\"704\" data-id=\"4029\" src=\"https:\/\/archiwumwolnosci.pl\/wp-content\/uploads\/2022\/11\/Obraz791-1024x704.jpg\" alt=\"\" class=\"wp-image-4029\" srcset=\"https:\/\/archiwumwolnosci.pl\/wp-content\/uploads\/2022\/11\/Obraz791-1024x704.jpg 1024w, https:\/\/archiwumwolnosci.pl\/wp-content\/uploads\/2022\/11\/Obraz791-300x206.jpg 300w, https:\/\/archiwumwolnosci.pl\/wp-content\/uploads\/2022\/11\/Obraz791-768x528.jpg 768w, https:\/\/archiwumwolnosci.pl\/wp-content\/uploads\/2022\/11\/Obraz791.jpg 1400w\" sizes=\"(max-width: 1024px) 100vw, 1024px\" \/><\/a><\/figure>\n\n\n\n<figure class=\"wp-block-image size-large\"><a href=\"https:\/\/archiwumwolnosci.pl\/wp-content\/uploads\/2022\/11\/Obraz78.jpg\"><img loading=\"lazy\" decoding=\"async\" width=\"1024\" height=\"704\" data-id=\"4109\" src=\"https:\/\/archiwumwolnosci.pl\/wp-content\/uploads\/2022\/11\/Obraz78-1024x704.jpg\" alt=\"\" class=\"wp-image-4109\" srcset=\"https:\/\/archiwumwolnosci.pl\/wp-content\/uploads\/2022\/11\/Obraz78-1024x704.jpg 1024w, https:\/\/archiwumwolnosci.pl\/wp-content\/uploads\/2022\/11\/Obraz78-300x206.jpg 300w, https:\/\/archiwumwolnosci.pl\/wp-content\/uploads\/2022\/11\/Obraz78-768x528.jpg 768w, https:\/\/archiwumwolnosci.pl\/wp-content\/uploads\/2022\/11\/Obraz78.jpg 1400w\" sizes=\"(max-width: 1024px) 100vw, 1024px\" \/><\/a><figcaption class=\"wp-element-caption\">Setk\u00e1n\u00ed s Markem Lillou, \u0159\u00edjen 1989.<\/figcaption><\/figure>\n<\/figure>\n\n\n\n<figure class=\"wp-block-gallery has-nested-images columns-default is-cropped wp-block-gallery-7 is-layout-flex wp-block-gallery-is-layout-flex\">\n<figure class=\"wp-block-image size-large\"><a href=\"https:\/\/archiwumwolnosci.pl\/wp-content\/uploads\/2022\/11\/Obraz87.jpg\"><img loading=\"lazy\" decoding=\"async\" width=\"1024\" height=\"693\" data-id=\"4113\" src=\"https:\/\/archiwumwolnosci.pl\/wp-content\/uploads\/2022\/11\/Obraz87-1024x693.jpg\" alt=\"\" class=\"wp-image-4113\" srcset=\"https:\/\/archiwumwolnosci.pl\/wp-content\/uploads\/2022\/11\/Obraz87-1024x693.jpg 1024w, https:\/\/archiwumwolnosci.pl\/wp-content\/uploads\/2022\/11\/Obraz87-300x203.jpg 300w, https:\/\/archiwumwolnosci.pl\/wp-content\/uploads\/2022\/11\/Obraz87-768x520.jpg 768w, https:\/\/archiwumwolnosci.pl\/wp-content\/uploads\/2022\/11\/Obraz87.jpg 1400w\" sizes=\"(max-width: 1024px) 100vw, 1024px\" \/><\/a><figcaption class=\"wp-element-caption\">Setk\u00e1n\u00ed na p\u016fd\u011b - autor s Pavlem Niemkiewiczem, listopad 1989.<\/figcaption><\/figure>\n\n\n\n<figure class=\"wp-block-image size-large\"><a href=\"https:\/\/archiwumwolnosci.pl\/wp-content\/uploads\/2022\/11\/Obraz90.jpg\"><img loading=\"lazy\" decoding=\"async\" width=\"1024\" height=\"693\" data-id=\"4111\" src=\"https:\/\/archiwumwolnosci.pl\/wp-content\/uploads\/2022\/11\/Obraz90-1024x693.jpg\" alt=\"\" class=\"wp-image-4111\" srcset=\"https:\/\/archiwumwolnosci.pl\/wp-content\/uploads\/2022\/11\/Obraz90-1024x693.jpg 1024w, https:\/\/archiwumwolnosci.pl\/wp-content\/uploads\/2022\/11\/Obraz90-300x203.jpg 300w, https:\/\/archiwumwolnosci.pl\/wp-content\/uploads\/2022\/11\/Obraz90-768x520.jpg 768w, https:\/\/archiwumwolnosci.pl\/wp-content\/uploads\/2022\/11\/Obraz90.jpg 1400w\" sizes=\"(max-width: 1024px) 100vw, 1024px\" \/><\/a><figcaption class=\"wp-element-caption\">Setk\u00e1n\u00ed na p\u016fd\u011b - autor s Pavlem Niemkiewiczem, listopad 1989.<\/figcaption><\/figure>\n<\/figure>\n\n\n\n<figure class=\"wp-block-gallery has-nested-images columns-default is-cropped wp-block-gallery-8 is-layout-flex wp-block-gallery-is-layout-flex\">\n<figure class=\"wp-block-image size-large\"><a href=\"https:\/\/archiwumwolnosci.pl\/wp-content\/uploads\/2022\/11\/Obraz86-1.jpg\"><img loading=\"lazy\" decoding=\"async\" width=\"1024\" height=\"693\" data-id=\"4118\" src=\"https:\/\/archiwumwolnosci.pl\/wp-content\/uploads\/2022\/11\/Obraz86-1-1024x693.jpg\" alt=\"\" class=\"wp-image-4118\" srcset=\"https:\/\/archiwumwolnosci.pl\/wp-content\/uploads\/2022\/11\/Obraz86-1-1024x693.jpg 1024w, https:\/\/archiwumwolnosci.pl\/wp-content\/uploads\/2022\/11\/Obraz86-1-300x203.jpg 300w, https:\/\/archiwumwolnosci.pl\/wp-content\/uploads\/2022\/11\/Obraz86-1-768x520.jpg 768w, https:\/\/archiwumwolnosci.pl\/wp-content\/uploads\/2022\/11\/Obraz86-1.jpg 1400w\" sizes=\"(max-width: 1024px) 100vw, 1024px\" \/><\/a><figcaption class=\"wp-element-caption\">Setk\u00e1n\u00ed na p\u016fd\u011b - autor s Pavlem Niemkiewiczem, listopad 1989.<\/figcaption><\/figure>\n\n\n\n<figure class=\"wp-block-image size-large\"><a href=\"https:\/\/archiwumwolnosci.pl\/wp-content\/uploads\/2022\/11\/Obraz81-1.jpg\"><img loading=\"lazy\" decoding=\"async\" width=\"1024\" height=\"696\" data-id=\"4117\" src=\"https:\/\/archiwumwolnosci.pl\/wp-content\/uploads\/2022\/11\/Obraz81-1-1024x696.jpg\" alt=\"\" class=\"wp-image-4117\" srcset=\"https:\/\/archiwumwolnosci.pl\/wp-content\/uploads\/2022\/11\/Obraz81-1-1024x696.jpg 1024w, https:\/\/archiwumwolnosci.pl\/wp-content\/uploads\/2022\/11\/Obraz81-1-300x204.jpg 300w, https:\/\/archiwumwolnosci.pl\/wp-content\/uploads\/2022\/11\/Obraz81-1-768x522.jpg 768w, https:\/\/archiwumwolnosci.pl\/wp-content\/uploads\/2022\/11\/Obraz81-1.jpg 1400w\" sizes=\"(max-width: 1024px) 100vw, 1024px\" \/><\/a><\/figure>\n<\/figure>\n\n\n\n<figure class=\"wp-block-gallery has-nested-images columns-default is-cropped wp-block-gallery-9 is-layout-flex wp-block-gallery-is-layout-flex\">\n<figure class=\"wp-block-image size-large\"><a href=\"https:\/\/archiwumwolnosci.pl\/wp-content\/uploads\/2022\/11\/Kuchnia-strychowa-1985-1.jpg\"><img loading=\"lazy\" decoding=\"async\" width=\"1024\" height=\"682\" data-id=\"4913\" src=\"https:\/\/archiwumwolnosci.pl\/wp-content\/uploads\/2022\/11\/Kuchnia-strychowa-1985-1-1024x682.jpg\" alt=\"\" class=\"wp-image-4913\" srcset=\"https:\/\/archiwumwolnosci.pl\/wp-content\/uploads\/2022\/11\/Kuchnia-strychowa-1985-1-1024x682.jpg 1024w, https:\/\/archiwumwolnosci.pl\/wp-content\/uploads\/2022\/11\/Kuchnia-strychowa-1985-1-300x200.jpg 300w, https:\/\/archiwumwolnosci.pl\/wp-content\/uploads\/2022\/11\/Kuchnia-strychowa-1985-1-768x512.jpg 768w, https:\/\/archiwumwolnosci.pl\/wp-content\/uploads\/2022\/11\/Kuchnia-strychowa-1985-1-18x12.jpg 18w, https:\/\/archiwumwolnosci.pl\/wp-content\/uploads\/2022\/11\/Kuchnia-strychowa-1985-1.jpg 1400w\" sizes=\"(max-width: 1024px) 100vw, 1024px\" \/><\/a><figcaption class=\"wp-element-caption\">Janina Kuchci\u0144ska v podkrovn\u00ed kuchyni<\/figcaption><\/figure>\n\n\n\n<figure class=\"wp-block-image size-large\"><a href=\"https:\/\/archiwumwolnosci.pl\/wp-content\/uploads\/2022\/11\/1-0003-1.jpg\"><img loading=\"lazy\" decoding=\"async\" width=\"1024\" height=\"637\" data-id=\"5766\" src=\"https:\/\/archiwumwolnosci.pl\/wp-content\/uploads\/2022\/11\/1-0003-1-1024x637.jpg\" alt=\"\" class=\"wp-image-5766\" srcset=\"https:\/\/archiwumwolnosci.pl\/wp-content\/uploads\/2022\/11\/1-0003-1-1024x637.jpg 1024w, https:\/\/archiwumwolnosci.pl\/wp-content\/uploads\/2022\/11\/1-0003-1-300x187.jpg 300w, https:\/\/archiwumwolnosci.pl\/wp-content\/uploads\/2022\/11\/1-0003-1-768x478.jpg 768w, https:\/\/archiwumwolnosci.pl\/wp-content\/uploads\/2022\/11\/1-0003-1-18x12.jpg 18w, https:\/\/archiwumwolnosci.pl\/wp-content\/uploads\/2022\/11\/1-0003-1.jpg 1400w\" sizes=\"(max-width: 1024px) 100vw, 1024px\" \/><\/a><\/figure>\n\n\n\n<figure class=\"wp-block-image size-large\"><a href=\"https:\/\/archiwumwolnosci.pl\/wp-content\/uploads\/2022\/11\/1-0004-1.jpg\"><img loading=\"lazy\" decoding=\"async\" width=\"1024\" height=\"676\" data-id=\"5765\" src=\"https:\/\/archiwumwolnosci.pl\/wp-content\/uploads\/2022\/11\/1-0004-1-1024x676.jpg\" alt=\"\" class=\"wp-image-5765\" srcset=\"https:\/\/archiwumwolnosci.pl\/wp-content\/uploads\/2022\/11\/1-0004-1-1024x676.jpg 1024w, https:\/\/archiwumwolnosci.pl\/wp-content\/uploads\/2022\/11\/1-0004-1-300x198.jpg 300w, https:\/\/archiwumwolnosci.pl\/wp-content\/uploads\/2022\/11\/1-0004-1-768x507.jpg 768w, https:\/\/archiwumwolnosci.pl\/wp-content\/uploads\/2022\/11\/1-0004-1-18x12.jpg 18w, https:\/\/archiwumwolnosci.pl\/wp-content\/uploads\/2022\/11\/1-0004-1.jpg 1400w\" sizes=\"(max-width: 1024px) 100vw, 1024px\" \/><\/a><\/figure>\n<\/figure>\n\n\n\n<p><\/p>\n\n\n\n<figure class=\"wp-block-gallery has-nested-images columns-default is-cropped wp-block-gallery-10 is-layout-flex wp-block-gallery-is-layout-flex\">\n<figure class=\"wp-block-image size-large\"><a href=\"https:\/\/archiwumwolnosci.pl\/wp-content\/uploads\/2022\/11\/Obraz279.jpg\"><img loading=\"lazy\" decoding=\"async\" width=\"1024\" height=\"718\" data-id=\"4030\" src=\"https:\/\/archiwumwolnosci.pl\/wp-content\/uploads\/2022\/11\/Obraz279-1024x718.jpg\" alt=\"\" class=\"wp-image-4030\" srcset=\"https:\/\/archiwumwolnosci.pl\/wp-content\/uploads\/2022\/11\/Obraz279-1024x718.jpg 1024w, https:\/\/archiwumwolnosci.pl\/wp-content\/uploads\/2022\/11\/Obraz279-300x210.jpg 300w, https:\/\/archiwumwolnosci.pl\/wp-content\/uploads\/2022\/11\/Obraz279-768x539.jpg 768w, https:\/\/archiwumwolnosci.pl\/wp-content\/uploads\/2022\/11\/Obraz279.jpg 1400w\" sizes=\"(max-width: 1024px) 100vw, 1024px\" \/><\/a><\/figure>\n\n\n\n<figure class=\"wp-block-image size-large\"><a href=\"https:\/\/archiwumwolnosci.pl\/wp-content\/uploads\/2022\/11\/Rekwizyt-strychowy.jpg\"><img loading=\"lazy\" decoding=\"async\" width=\"1024\" height=\"768\" data-id=\"5079\" src=\"https:\/\/archiwumwolnosci.pl\/wp-content\/uploads\/2022\/11\/Rekwizyt-strychowy-1024x768.jpg\" alt=\"\" class=\"wp-image-5079\" srcset=\"https:\/\/archiwumwolnosci.pl\/wp-content\/uploads\/2022\/11\/Rekwizyt-strychowy-1024x768.jpg 1024w, https:\/\/archiwumwolnosci.pl\/wp-content\/uploads\/2022\/11\/Rekwizyt-strychowy-300x225.jpg 300w, https:\/\/archiwumwolnosci.pl\/wp-content\/uploads\/2022\/11\/Rekwizyt-strychowy-768x576.jpg 768w, https:\/\/archiwumwolnosci.pl\/wp-content\/uploads\/2022\/11\/Rekwizyt-strychowy-16x12.jpg 16w, https:\/\/archiwumwolnosci.pl\/wp-content\/uploads\/2022\/11\/Rekwizyt-strychowy.jpg 1400w\" sizes=\"(max-width: 1024px) 100vw, 1024px\" \/><\/a><\/figure>\n<\/figure>\n\n\n\n<figure class=\"wp-block-gallery has-nested-images columns-default is-cropped wp-block-gallery-11 is-layout-flex wp-block-gallery-is-layout-flex\">\n<figure class=\"wp-block-image size-large\"><a href=\"https:\/\/archiwumwolnosci.pl\/wp-content\/uploads\/2022\/11\/IMG_1962.jpg\"><img loading=\"lazy\" decoding=\"async\" width=\"768\" height=\"1024\" data-id=\"5082\" src=\"https:\/\/archiwumwolnosci.pl\/wp-content\/uploads\/2022\/11\/IMG_1962-768x1024.jpg\" alt=\"\" class=\"wp-image-5082\" srcset=\"https:\/\/archiwumwolnosci.pl\/wp-content\/uploads\/2022\/11\/IMG_1962-768x1024.jpg 768w, https:\/\/archiwumwolnosci.pl\/wp-content\/uploads\/2022\/11\/IMG_1962-225x300.jpg 225w, https:\/\/archiwumwolnosci.pl\/wp-content\/uploads\/2022\/11\/IMG_1962-9x12.jpg 9w, https:\/\/archiwumwolnosci.pl\/wp-content\/uploads\/2022\/11\/IMG_1962.jpg 1050w\" sizes=\"(max-width: 768px) 100vw, 768px\" \/><\/a><figcaption class=\"wp-element-caption\">Knihy \u010dten\u00e9 na p\u016fd\u011b<\/figcaption><\/figure>\n\n\n\n<figure class=\"wp-block-image size-large\"><a href=\"https:\/\/archiwumwolnosci.pl\/wp-content\/uploads\/2022\/11\/IMG_1964.jpg\"><img loading=\"lazy\" decoding=\"async\" width=\"1024\" height=\"768\" data-id=\"5083\" src=\"https:\/\/archiwumwolnosci.pl\/wp-content\/uploads\/2022\/11\/IMG_1964-1024x768.jpg\" alt=\"\" class=\"wp-image-5083\" srcset=\"https:\/\/archiwumwolnosci.pl\/wp-content\/uploads\/2022\/11\/IMG_1964-1024x768.jpg 1024w, https:\/\/archiwumwolnosci.pl\/wp-content\/uploads\/2022\/11\/IMG_1964-300x225.jpg 300w, https:\/\/archiwumwolnosci.pl\/wp-content\/uploads\/2022\/11\/IMG_1964-768x576.jpg 768w, https:\/\/archiwumwolnosci.pl\/wp-content\/uploads\/2022\/11\/IMG_1964-16x12.jpg 16w, https:\/\/archiwumwolnosci.pl\/wp-content\/uploads\/2022\/11\/IMG_1964.jpg 1400w\" sizes=\"(max-width: 1024px) 100vw, 1024px\" \/><\/a><\/figure>\n\n\n\n<figure class=\"wp-block-image size-large\"><a href=\"https:\/\/archiwumwolnosci.pl\/wp-content\/uploads\/2022\/11\/IMG_1965.jpg\"><img loading=\"lazy\" decoding=\"async\" width=\"768\" height=\"1024\" data-id=\"5084\" src=\"https:\/\/archiwumwolnosci.pl\/wp-content\/uploads\/2022\/11\/IMG_1965-768x1024.jpg\" alt=\"\" class=\"wp-image-5084\" srcset=\"https:\/\/archiwumwolnosci.pl\/wp-content\/uploads\/2022\/11\/IMG_1965-768x1024.jpg 768w, https:\/\/archiwumwolnosci.pl\/wp-content\/uploads\/2022\/11\/IMG_1965-225x300.jpg 225w, https:\/\/archiwumwolnosci.pl\/wp-content\/uploads\/2022\/11\/IMG_1965-9x12.jpg 9w, https:\/\/archiwumwolnosci.pl\/wp-content\/uploads\/2022\/11\/IMG_1965.jpg 1050w\" sizes=\"(max-width: 768px) 100vw, 768px\" \/><\/a><\/figure>\n<\/figure>\n\n\n\n<figure class=\"wp-block-gallery has-nested-images columns-default is-cropped wp-block-gallery-12 is-layout-flex wp-block-gallery-is-layout-flex\">\n<figure class=\"wp-block-image size-large\"><a href=\"https:\/\/archiwumwolnosci.pl\/wp-content\/uploads\/2023\/04\/IMG_1963.jpg\"><img loading=\"lazy\" decoding=\"async\" width=\"1024\" height=\"768\" data-id=\"6991\" src=\"https:\/\/archiwumwolnosci.pl\/wp-content\/uploads\/2023\/04\/IMG_1963-1024x768.jpg\" alt=\"\" class=\"wp-image-6991\" srcset=\"https:\/\/archiwumwolnosci.pl\/wp-content\/uploads\/2023\/04\/IMG_1963-1024x768.jpg 1024w, https:\/\/archiwumwolnosci.pl\/wp-content\/uploads\/2023\/04\/IMG_1963-600x450.jpg 600w, https:\/\/archiwumwolnosci.pl\/wp-content\/uploads\/2023\/04\/IMG_1963-768x576.jpg 768w, https:\/\/archiwumwolnosci.pl\/wp-content\/uploads\/2023\/04\/IMG_1963-16x12.jpg 16w, https:\/\/archiwumwolnosci.pl\/wp-content\/uploads\/2023\/04\/IMG_1963.jpg 1400w\" sizes=\"(max-width: 1024px) 100vw, 1024px\" \/><\/a><figcaption class=\"wp-element-caption\">Na p\u016fd\u011b se \u010dtou \u010dasopisy<\/figcaption><\/figure>\n\n\n\n<figure class=\"wp-block-image size-large\"><a href=\"https:\/\/archiwumwolnosci.pl\/wp-content\/uploads\/2023\/04\/Ksiazki-z-biblioteki-strychowej.jpg\"><img loading=\"lazy\" decoding=\"async\" width=\"1024\" height=\"768\" data-id=\"7012\" src=\"https:\/\/archiwumwolnosci.pl\/wp-content\/uploads\/2023\/04\/Ksiazki-z-biblioteki-strychowej-1024x768.jpg\" alt=\"\" class=\"wp-image-7012\" srcset=\"https:\/\/archiwumwolnosci.pl\/wp-content\/uploads\/2023\/04\/Ksiazki-z-biblioteki-strychowej-1024x768.jpg 1024w, https:\/\/archiwumwolnosci.pl\/wp-content\/uploads\/2023\/04\/Ksiazki-z-biblioteki-strychowej-600x450.jpg 600w, https:\/\/archiwumwolnosci.pl\/wp-content\/uploads\/2023\/04\/Ksiazki-z-biblioteki-strychowej-768x576.jpg 768w, https:\/\/archiwumwolnosci.pl\/wp-content\/uploads\/2023\/04\/Ksiazki-z-biblioteki-strychowej-16x12.jpg 16w, https:\/\/archiwumwolnosci.pl\/wp-content\/uploads\/2023\/04\/Ksiazki-z-biblioteki-strychowej.jpg 1400w\" sizes=\"(max-width: 1024px) 100vw, 1024px\" \/><\/a><figcaption class=\"wp-element-caption\">Z podkrovn\u00ed knihovny<\/figcaption><\/figure>\n<\/figure>\n\n\n\n<figure class=\"wp-block-gallery has-nested-images columns-default is-cropped wp-block-gallery-13 is-layout-flex wp-block-gallery-is-layout-flex\">\n<figure class=\"wp-block-image size-large\"><img loading=\"lazy\" decoding=\"async\" width=\"1024\" height=\"728\" data-id=\"4914\" src=\"https:\/\/archiwumwolnosci.pl\/wp-content\/uploads\/2022\/11\/TOZDJ_1-1024x728.jpg\" alt=\"\" class=\"wp-image-4914\" srcset=\"https:\/\/archiwumwolnosci.pl\/wp-content\/uploads\/2022\/11\/TOZDJ_1-1024x728.jpg 1024w, https:\/\/archiwumwolnosci.pl\/wp-content\/uploads\/2022\/11\/TOZDJ_1-300x213.jpg 300w, https:\/\/archiwumwolnosci.pl\/wp-content\/uploads\/2022\/11\/TOZDJ_1-768x546.jpg 768w, https:\/\/archiwumwolnosci.pl\/wp-content\/uploads\/2022\/11\/TOZDJ_1-18x12.jpg 18w, https:\/\/archiwumwolnosci.pl\/wp-content\/uploads\/2022\/11\/TOZDJ_1.jpg 1400w\" sizes=\"(max-width: 1024px) 100vw, 1024px\" \/><figcaption class=\"wp-element-caption\">F\u00f3liov\u00e9 tunely, ve kter\u00fdch Marek Kuchci\u0144ski na ja\u0159e urychlen\u011b p\u011bstoval zeleninu a na podzim chryzant\u00e9my (kv\u011btin\u00e1\u010de viditeln\u00e9 z boku). V pozad\u00ed koruny strom\u016f v p\u016fdn\u00edm sadu, 80. l\u00e9ta 20. stolet\u00ed.<\/figcaption><\/figure>\n<\/figure>","protected":false},"excerpt":{"rendered":"<p>\u201eStrych kulturalny to nie tylko nazwa pisma literacko-artystycznego, to tak\u017ce miejsce spotka\u0144 grupy przyjaci\u00f3\u0142 tworz\u0105cych niezale\u017cny obieg kultury. To zaadoptowane poddasze jednorodzinnego domu, wype\u0142nione pracami artyst\u00f3w, obrazami, ksi\u0105\u017ckami, z kt\u00f3rego wida\u0107 by\u0142o okoliczne wzg\u00f3rza. Przed domem stary kilkudziesi\u0119cioletni sad roz\u0142o\u017cystych jab\u0142oni z nie koszon\u0105 wielokwiatow\u0105 \u0142\u0105k\u0105. Wsz\u0119dzie du\u017co zieleni. Z perspektywy poddasza (strychu) patrzyli\u015bmy na [&hellip;]<\/p>","protected":false},"author":4,"featured_media":4122,"comment_status":"open","ping_status":"open","sticky":false,"template":"","format":"standard","meta":{"footnotes":""},"categories":[19,36,9,27],"tags":[],"_links":{"self":[{"href":"https:\/\/archiwumwolnosci.pl\/cs\/wp-json\/wp\/v2\/posts\/4015"}],"collection":[{"href":"https:\/\/archiwumwolnosci.pl\/cs\/wp-json\/wp\/v2\/posts"}],"about":[{"href":"https:\/\/archiwumwolnosci.pl\/cs\/wp-json\/wp\/v2\/types\/post"}],"author":[{"embeddable":true,"href":"https:\/\/archiwumwolnosci.pl\/cs\/wp-json\/wp\/v2\/users\/4"}],"replies":[{"embeddable":true,"href":"https:\/\/archiwumwolnosci.pl\/cs\/wp-json\/wp\/v2\/comments?post=4015"}],"version-history":[{"count":46,"href":"https:\/\/archiwumwolnosci.pl\/cs\/wp-json\/wp\/v2\/posts\/4015\/revisions"}],"predecessor-version":[{"id":7014,"href":"https:\/\/archiwumwolnosci.pl\/cs\/wp-json\/wp\/v2\/posts\/4015\/revisions\/7014"}],"wp:featuredmedia":[{"embeddable":true,"href":"https:\/\/archiwumwolnosci.pl\/cs\/wp-json\/wp\/v2\/media\/4122"}],"wp:attachment":[{"href":"https:\/\/archiwumwolnosci.pl\/cs\/wp-json\/wp\/v2\/media?parent=4015"}],"wp:term":[{"taxonomy":"category","embeddable":true,"href":"https:\/\/archiwumwolnosci.pl\/cs\/wp-json\/wp\/v2\/categories?post=4015"},{"taxonomy":"post_tag","embeddable":true,"href":"https:\/\/archiwumwolnosci.pl\/cs\/wp-json\/wp\/v2\/tags?post=4015"}],"curies":[{"name":"wp","href":"https:\/\/api.w.org\/{rel}","templated":true}]}}